{"id":2261,"date":"2017-01-18T20:33:11","date_gmt":"2017-01-18T20:33:11","guid":{"rendered":"https:\/\/www.kulturforum-mwest.de\/K\/?p=2261"},"modified":"2017-03-30T14:25:26","modified_gmt":"2017-03-30T14:25:26","slug":"170118-stammtisch","status":"publish","type":"post","link":"https:\/\/kulturforum-mwest.de\/1.0\/K\/170118-stammtisch\/","title":{"rendered":"Januar-Stammtisch"},"content":{"rendered":"<p><img loading=\"lazy\" class=\"size-full wp-image-2072 alignleft\" src=\"https:\/\/www.kulturforum-mwest.de\/1.0\/K\/wp-content\/uploads\/2016\/10\/161108-rambeck-120.jpg\" alt=\"161108-rambeck-120\" width=\"120\" height=\"120\" \/>Mittwoch, 18. Januar 2017, 19.30 Uhr ist Stammtisch des Kulturforum M\u00fcnchen-West im Jagdschloss in der Alten Allee 21. (mit Bus 56 bis Marschnerstr.) Als Gast haben wir die K\u00fcnstlerin, Kulturschaffende und Poetin Brigitta Rambeck eingeladen.<br \/>\n<!--more--><\/p>\n<p><img loading=\"lazy\" class=\"alignnone size-full wp-image-2073\" src=\"https:\/\/www.kulturforum-mwest.de\/1.0\/K\/wp-content\/uploads\/2016\/10\/161108-rambeck.jpg\" alt=\"161108-rambeck\" width=\"530\" height=\"700\" srcset=\"https:\/\/kulturforum-mwest.de\/1.0\/K\/wp-content\/uploads\/2016\/10\/161108-rambeck.jpg 530w, https:\/\/kulturforum-mwest.de\/1.0\/K\/wp-content\/uploads\/2016\/10\/161108-rambeck-227x300.jpg 227w\" sizes=\"(max-width: 530px) 100vw, 530px\" \/><\/p>\n<p>Seit 2004 leitet sie den literarischen Seerosenkreis, der 1948 in dem Schwabinger Lokal \u201eSeerose\u201d gegr\u00fcndet wurde. Mit dem Literarischen Seerosenkreis veranstaltet Brigitta Rambeck immer wieder Lesungen mit K\u00fcnstlern wie Michael Skasa, Anatol Regnier, Asta Scheib, Gert Heidenreich und vielen anderen.<\/p>\n<p>Brigitta Rambeck wird auch \u00fcber das Malura-Museum berichten, das der Maler und Tausendsassa Oswald Malura in Oberdie\u00dfen nahe Landsberg gegr\u00fcndet hat. Auch an der Wiederbelebung der \u201eTraumstadt\u201c, einer durch und durch Schwabingerischen \u201eInstitution\u201c die von dem Dichter Peter Paul Althaus ins Leben gerufen wurde, ist Brigitta Rambeck beteiligt.<\/p>\n<p>Daneben entstanden K\u00fcnstlerportr\u00e4ts f\u00fcr das Magazin \u201cM\u00fcnchen-Mosaik\u201d sowie Beitr\u00e4ge f\u00fcr Literaturlexika, aber auch eigene Geschichten und Gedichte f\u00fcr Anthologien und H\u00f6rfunk. Seit einigen Jahren ist Brigitta Rambeck auch Redaktionsmitglied bei der Zeitschrift \u201eLiteratur in Bayern\u201c. Dass bei diesen vielen Aktivit\u00e4ten die Familie (inzwischen 7 Enkelkinder) mitunter zu kurz kommt, bedauert sie schon manchmal.<\/p>\n<p>Wir freuen uns, Sie auch zu diesem Stammtisch begr\u00fc\u00dfen zu k\u00f6nnen. G\u00e4ste sind herzlich willkommen! Der Eintritt ist frei.<\/p>\n<p>&nbsp;<\/p>\n<p>&nbsp;<\/p>\n<p>&nbsp;<\/p>\n","protected":false},"excerpt":{"rendered":"<p>Mittwoch, 18. Januar 2017, 19.30 Uhr ist Stammtisch des Kulturforum M\u00fcnchen-West im Jagdschloss in der Alten Allee 21. (mit Bus 56 bis Marschnerstr.) Als Gast haben wir die K\u00fcnstlerin, Kulturschaffende und Poetin Brigitta Rambeck eingeladen.<\/p>\n","protected":false},"author":1,"featured_media":0,"comment_status":"closed","ping_status":"closed","sticky":false,"template":"","format":"standard","meta":[],"categories":[38,17,26],"tags":[],"_links":{"self":[{"href":"https:\/\/kulturforum-mwest.de\/1.0\/K\/wp-json\/wp\/v2\/posts\/2261"}],"collection":[{"href":"https:\/\/kulturforum-mwest.de\/1.0\/K\/wp-json\/wp\/v2\/posts"}],"about":[{"href":"https:\/\/kulturforum-mwest.de\/1.0\/K\/wp-json\/wp\/v2\/types\/post"}],"author":[{"embeddable":true,"href":"https:\/\/kulturforum-mwest.de\/1.0\/K\/wp-json\/wp\/v2\/users\/1"}],"replies":[{"embeddable":true,"href":"https:\/\/kulturforum-mwest.de\/1.0\/K\/wp-json\/wp\/v2\/comments?post=2261"}],"version-history":[{"count":1,"href":"https:\/\/kulturforum-mwest.de\/1.0\/K\/wp-json\/wp\/v2\/posts\/2261\/revisions"}],"predecessor-version":[{"id":2262,"href":"https:\/\/kulturforum-mwest.de\/1.0\/K\/wp-json\/wp\/v2\/posts\/2261\/revisions\/2262"}],"wp:attachment":[{"href":"https:\/\/kulturforum-mwest.de\/1.0\/K\/wp-json\/wp\/v2\/media?parent=2261"}],"wp:term":[{"taxonomy":"category","embeddable":true,"href":"https:\/\/kulturforum-mwest.de\/1.0\/K\/wp-json\/wp\/v2\/categories?post=2261"},{"taxonomy":"post_tag","embeddable":true,"href":"https:\/\/kulturforum-mwest.de\/1.0\/K\/wp-json\/wp\/v2\/tags?post=2261"}],"curies":[{"name":"wp","href":"https:\/\/api.w.org\/{rel}","templated":true}]}}