{"id":2329,"date":"2017-02-05T20:02:05","date_gmt":"2017-02-05T20:02:05","guid":{"rendered":"https:\/\/www.kulturforum-mwest.de\/K\/?p=2329"},"modified":"2017-03-12T19:10:08","modified_gmt":"2017-03-12T19:10:08","slug":"kammermusik-gromes-und-riem","status":"publish","type":"post","link":"https:\/\/kulturforum-mwest.de\/1.0\/K\/kammermusik-gromes-und-riem\/","title":{"rendered":"Kammermusik: Aust und Riem"},"content":{"rendered":"<p><img loading=\"lazy\" class=\"alignleft size-full wp-image-2697\" src=\"https:\/\/www.kulturforum-mwest.de\/1.0\/K\/wp-content\/uploads\/2017\/02\/170205-bettina-aust-120.jpg\" alt=\"\" width=\"120\" height=\"118\" \/>Sonntag 5. Februar 2017 um 19 Uhr Kammermusik im MVHS Zentrum B\u00e4ckerstra\u00dfe 14:<\/p>\n<div class=\"entry-content\">Bettina Aust|\u00a0Klarinette und Julian Riem | Klavier spielen St\u00fccke f\u00fcr Klarinette und Klavier von Bohuslav Martin\u016f, Niels Wilhelm Gade, Francis Poulenc, Robert Schumann und Johannes Brahms.<\/div>\n<div class=\"entry-content\"><\/div>\n<p><!--more--><\/p>\n<div class=\"entry-content\">Krankheitsbedingt musste das geplante Konzert mit Raphaela Gromes &#8222;Hommage \u00e0 Rossini&#8220; leider ausfallen. Es ist Julian Riem jedoch gelungen die junge, hervorragende Klarinettistin Bettina Aust f\u00fcr ein abwechslungs- und genussreiches Konzert zu gewinnen.<\/div>\n<div class=\"entry-content\"><\/div>\n<div class=\"entry-content\">N\u00e4heres \u00fcber Bettina Aust &#8211; ihre Vita, begeisterte Pressestimmen, Musikbeispiele &#8211;\u00a0finden Sie auf ihrer Homepage <a href=\"http:\/\/www.bettina-aust.de\">http:\/\/www.bettina-aust.de<\/a>. Und das Neueste zu Julian Riem, der ja bereits Gast in unserer Reihe Kammermusik in Pasing war, steht unter <a href=\"http:\/\/www.julianriem.de\/\">http:\/\/www.julianriem.de<\/a>.<\/div>\n<div class=\"entry-content\"><\/div>\n<div class=\"entry-content\"><\/div>\n<div class=\"entry-content\">\n<p>&nbsp;<\/p>\n<figure id=\"attachment_2410\" aria-describedby=\"caption-attachment-2410\" style=\"width: 700px\" class=\"wp-caption alignnone\"><img loading=\"lazy\" class=\"wp-image-2410 size-full\" src=\"https:\/\/www.kulturforum-mwest.de\/1.0\/K\/wp-content\/uploads\/2017\/01\/170205-bettina-aust-klarinette.jpg\" width=\"700\" height=\"466\" srcset=\"https:\/\/kulturforum-mwest.de\/1.0\/K\/wp-content\/uploads\/2017\/01\/170205-bettina-aust-klarinette.jpg 700w, https:\/\/kulturforum-mwest.de\/1.0\/K\/wp-content\/uploads\/2017\/01\/170205-bettina-aust-klarinette-300x200.jpg 300w\" sizes=\"(max-width: 700px) 100vw, 700px\" \/><figcaption id=\"caption-attachment-2410\" class=\"wp-caption-text\">Bettina Aust, Foto von ihrer Website www.bettina-aust.de<\/figcaption><\/figure>\n<\/div>\n<div class=\"entry-content\">\n<figure id=\"attachment_2696\" aria-describedby=\"caption-attachment-2696\" style=\"width: 500px\" class=\"wp-caption alignnone\"><img loading=\"lazy\" class=\"size-full wp-image-2696\" src=\"https:\/\/www.kulturforum-mwest.de\/1.0\/K\/wp-content\/uploads\/2017\/02\/Julian_Riem.jpg\" alt=\"\" width=\"500\" height=\"326\" srcset=\"https:\/\/kulturforum-mwest.de\/1.0\/K\/wp-content\/uploads\/2017\/02\/Julian_Riem.jpg 500w, https:\/\/kulturforum-mwest.de\/1.0\/K\/wp-content\/uploads\/2017\/02\/Julian_Riem-300x196.jpg 300w\" sizes=\"(max-width: 500px) 100vw, 500px\" \/><figcaption id=\"caption-attachment-2696\" class=\"wp-caption-text\">Julian Riem<\/figcaption><\/figure>\n<p><strong>Eintritt<\/strong>: \u20ac25.-, f\u00fcr Mitglieder \u20ac 20.-, f\u00fcr Sch\u00fcler und Studenten \u20ac 5.- <strong>Anmeldung<\/strong>: <a href=\"mailto:info@kammermusik-pasing.de\">info@kammermusik-pasing.de<\/a><\/div>\n<p>Mehr Infos zum Programm sowie K\u00fcnstlerbiografien siehe <a href=\"http:\/\/www.kammermusik-pasing.de\/Programme2017\/170205-programm.html\" target=\"_blank\">www.kammermusik-pasing.de<\/a><\/p>\n<p>&nbsp;<\/p>\n<p>&nbsp;<\/p>\n<p>&nbsp;<\/p>\n","protected":false},"excerpt":{"rendered":"<p>Sonntag 5. Februar 2017 um 19 Uhr Kammermusik im MVHS Zentrum B\u00e4ckerstra\u00dfe 14: Bettina Aust|\u00a0Klarinette und Julian Riem | Klavier spielen St\u00fccke f\u00fcr Klarinette und Klavier von Bohuslav Martin\u016f, Niels Wilhelm Gade, Francis Poulenc, Robert Schumann und Johannes Brahms.<\/p>\n","protected":false},"author":1,"featured_media":0,"comment_status":"closed","ping_status":"closed","sticky":false,"template":"","format":"standard","meta":[],"categories":[38,9,11],"tags":[],"_links":{"self":[{"href":"https:\/\/kulturforum-mwest.de\/1.0\/K\/wp-json\/wp\/v2\/posts\/2329"}],"collection":[{"href":"https:\/\/kulturforum-mwest.de\/1.0\/K\/wp-json\/wp\/v2\/posts"}],"about":[{"href":"https:\/\/kulturforum-mwest.de\/1.0\/K\/wp-json\/wp\/v2\/types\/post"}],"author":[{"embeddable":true,"href":"https:\/\/kulturforum-mwest.de\/1.0\/K\/wp-json\/wp\/v2\/users\/1"}],"replies":[{"embeddable":true,"href":"https:\/\/kulturforum-mwest.de\/1.0\/K\/wp-json\/wp\/v2\/comments?post=2329"}],"version-history":[{"count":8,"href":"https:\/\/kulturforum-mwest.de\/1.0\/K\/wp-json\/wp\/v2\/posts\/2329\/revisions"}],"predecessor-version":[{"id":2698,"href":"https:\/\/kulturforum-mwest.de\/1.0\/K\/wp-json\/wp\/v2\/posts\/2329\/revisions\/2698"}],"wp:attachment":[{"href":"https:\/\/kulturforum-mwest.de\/1.0\/K\/wp-json\/wp\/v2\/media?parent=2329"}],"wp:term":[{"taxonomy":"category","embeddable":true,"href":"https:\/\/kulturforum-mwest.de\/1.0\/K\/wp-json\/wp\/v2\/categories?post=2329"},{"taxonomy":"post_tag","embeddable":true,"href":"https:\/\/kulturforum-mwest.de\/1.0\/K\/wp-json\/wp\/v2\/tags?post=2329"}],"curies":[{"name":"wp","href":"https:\/\/api.w.org\/{rel}","templated":true}]}}