{"id":3058,"date":"2017-09-21T18:04:39","date_gmt":"2017-09-21T18:04:39","guid":{"rendered":"https:\/\/www.kulturforum-mwest.de\/K\/?p=3058"},"modified":"2017-09-26T18:50:16","modified_gmt":"2017-09-26T18:50:16","slug":"170921-moellmann","status":"publish","type":"post","link":"https:\/\/kulturforum-mwest.de\/1.0\/K\/170921-moellmann\/","title":{"rendered":"Neuer Bildband \u00fcber Pasing"},"content":{"rendered":"<p><img loading=\"lazy\" class=\"size-full wp-image-3071 alignleft\" src=\"https:\/\/www.kulturforum-mwest.de\/1.0\/K\/wp-content\/uploads\/2017\/08\/170921-moellmann-marienpl-120.jpg\" alt=\"\" width=\"120\" height=\"120\" \/>Donnerstag, 21. September, um 19.30 Uhr wird im Ebenb\u00f6ckhaus das lange erwartete neue Buch von Bernhard M\u00f6llmann vom Kulturforum M\u00fcnchen-West vorgestellt.\u00a0\u00a0 Eine verbindliche Anmeldung unter <a href=\"mailto:kulturforum.muenchen-west@web.de\">kulturforum.muenchen-west@web.de<\/a> ist wegen begrenzter Pl\u00e4tze unbedingt erforderlich. Eintritt 8 Euro,\u00a0 f\u00fcr Mitglieder im Kulturforum M\u00fcnchen-West 5 Euro incl. 7% MWSt.<!--more--><\/p>\n<h3>Pasing: Vom Dorf \u2013 zur Stadt \u2013 zum Stadtteil. Kulturforum M\u00fcnchen-West stellt das 3. Buch von Bernhard M\u00f6llmann im Ebenb\u00f6ckhaus vor<\/h3>\n<p>Zwei B\u00e4nde \u201eBilder vom alten Pasing\u201c\u00a0 sind im Jahr 2002 bzw. 2004 erschienen, jetzt liegt Nummer drei vor. \u201eBilder von Pasing in gr\u00f6\u00dferer Zahl gibt es erst seit 1900, als die Ansichtskarte ihr \u201egoldenes Zeitalter&#8220; erlebte\u201c, so M\u00f6llmann. \u201eIch habe aus meinen tausend Postkarten wieder eine neue Auswahl zu einer etwas verschlungenen Route durch Pasing angeordnet, erg\u00e4nzt durch Fotografien, Grafiken und geschichtliche Erl\u00e4uterungen. Neben Alt-Pasing mit seinem historischen Dorfkern werden auch die \u00fcbrigen Ortsteile vorgestellt. Die historischen Darstellungen zeigen \u00fcberraschend attraktive Aspekte des Dorfes, der Stadt und des heutigen Stadtteils Pasing\u201c. Beschrieben und gezeigt werden Bauernh\u00e4user an der Planegger Stra\u00dfe, (ehemalige) Industrieanlagen, st\u00e4dtische Bauten, Villenkolonien, Genossenschaftsbl\u00f6cke und das Rathaus als Zeugnis der Eingemeindung; sie markieren die Entwicklung Pasings vom Dorf zur Stadt und schlie\u00dflich zum M\u00fcnchner Stadtteil. Das Krankenhaus, die Gymnasiums- und Waldkolonie, die neue Stadtpfarrkirche, die Bahnhofsgegend sowie die Exter\u00b4schen Villenkolonien sind ebenso in dem neuen Band enthalten.<\/p>\n<p><a href=\"https:\/\/www.kulturforum-mwest.de\/K\/170921-moellmann-fotos\/\">Bilder vom Abend im Ebenb\u00f6ckhaus<\/a><\/p>\n<p>Zitat vom Volk-Verlag, der M\u00f6llmanns B\u00fccher herausgibt:<br \/>\n&#8222;Bernhard M\u00f6llmann lebt seit seiner Studienzeit in M\u00fcnchen. Von 1965 bis 2000 war er als Lehrer am Karlsgymnasium M\u00fcnchen-Pasing t\u00e4tig. \u00dcber die Besch\u00e4ftigung mit dessen hundertj\u00e4hriger Schulgeschichte kam er zur Pasinger Ortsgeschichte. Er verf\u00fcgt \u00fcber eine gro\u00dfe Sammlung historischer Zeitdokumente, wie Ansichtskarten, Fotografien, topographische Karten, Bauzeichnungen und dergleichen.&#8220; Ein paar Bildbeispiele:<\/p>\n<figure id=\"attachment_3068\" aria-describedby=\"caption-attachment-3068\" style=\"width: 700px\" class=\"wp-caption alignnone\"><img loading=\"lazy\" class=\"wp-image-3068 size-full\" src=\"https:\/\/www.kulturforum-mwest.de\/1.0\/K\/wp-content\/uploads\/2017\/08\/170921-moellmann-karte-marienpl.jpg\" alt=\"\" width=\"700\" height=\"460\" srcset=\"https:\/\/kulturforum-mwest.de\/1.0\/K\/wp-content\/uploads\/2017\/08\/170921-moellmann-karte-marienpl.jpg 700w, https:\/\/kulturforum-mwest.de\/1.0\/K\/wp-content\/uploads\/2017\/08\/170921-moellmann-karte-marienpl-300x197.jpg 300w\" sizes=\"(max-width: 700px) 100vw, 700px\" \/><figcaption id=\"caption-attachment-3068\" class=\"wp-caption-text\">Sammlung M\u00f6llmann: Pasinger Ansichtskarte. Marienplatz.<\/figcaption><\/figure>\n<figure id=\"attachment_3066\" aria-describedby=\"caption-attachment-3066\" style=\"width: 700px\" class=\"wp-caption alignnone\"><img loading=\"lazy\" class=\"wp-image-3066 size-full\" src=\"https:\/\/www.kulturforum-mwest.de\/1.0\/K\/wp-content\/uploads\/2017\/08\/170921-moellmann-karte-annastr.jpg\" alt=\"\" width=\"700\" height=\"472\" srcset=\"https:\/\/kulturforum-mwest.de\/1.0\/K\/wp-content\/uploads\/2017\/08\/170921-moellmann-karte-annastr.jpg 700w, https:\/\/kulturforum-mwest.de\/1.0\/K\/wp-content\/uploads\/2017\/08\/170921-moellmann-karte-annastr-300x202.jpg 300w\" sizes=\"(max-width: 700px) 100vw, 700px\" \/><figcaption id=\"caption-attachment-3066\" class=\"wp-caption-text\">Sammlung M\u00f6llmann: Pasinger Ansichtskarte. Annastr.<\/figcaption><\/figure>\n<figure id=\"attachment_3069\" aria-describedby=\"caption-attachment-3069\" style=\"width: 700px\" class=\"wp-caption alignnone\"><img loading=\"lazy\" class=\"wp-image-3069 size-full\" src=\"https:\/\/www.kulturforum-mwest.de\/1.0\/K\/wp-content\/uploads\/2017\/08\/170921-moellmann-karte-putzstr.jpg\" alt=\"\" width=\"700\" height=\"445\" srcset=\"https:\/\/kulturforum-mwest.de\/1.0\/K\/wp-content\/uploads\/2017\/08\/170921-moellmann-karte-putzstr.jpg 700w, https:\/\/kulturforum-mwest.de\/1.0\/K\/wp-content\/uploads\/2017\/08\/170921-moellmann-karte-putzstr-300x191.jpg 300w\" sizes=\"(max-width: 700px) 100vw, 700px\" \/><figcaption id=\"caption-attachment-3069\" class=\"wp-caption-text\">Sammlung M\u00f6llmann: Pasinger Ansichtskarte. Putzstr.<\/figcaption><\/figure>\n<figure id=\"attachment_3067\" aria-describedby=\"caption-attachment-3067\" style=\"width: 700px\" class=\"wp-caption alignnone\"><img loading=\"lazy\" class=\"wp-image-3067 size-full\" src=\"https:\/\/www.kulturforum-mwest.de\/1.0\/K\/wp-content\/uploads\/2017\/08\/170921-moellmann-karte-bhf-blick.jpg\" alt=\"\" width=\"700\" height=\"450\" srcset=\"https:\/\/kulturforum-mwest.de\/1.0\/K\/wp-content\/uploads\/2017\/08\/170921-moellmann-karte-bhf-blick.jpg 700w, https:\/\/kulturforum-mwest.de\/1.0\/K\/wp-content\/uploads\/2017\/08\/170921-moellmann-karte-bhf-blick-300x193.jpg 300w\" sizes=\"(max-width: 700px) 100vw, 700px\" \/><figcaption id=\"caption-attachment-3067\" class=\"wp-caption-text\">Sammlung M\u00f6llmann: Pasinger Ansichtskarte. Blick \u00fcber den Bahnhof nach Nord-West<\/figcaption><\/figure>\n<p>&nbsp;<\/p>\n<p>&nbsp;<\/p>\n<p>&nbsp;<\/p>\n<hr \/>\n<p>&nbsp;<\/p>\n<p>&nbsp;<\/p>\n","protected":false},"excerpt":{"rendered":"<p>Donnerstag, 21. September, um 19.30 Uhr wird im Ebenb\u00f6ckhaus das lange erwartete neue Buch von Bernhard M\u00f6llmann vom Kulturforum M\u00fcnchen-West vorgestellt.\u00a0\u00a0 Eine verbindliche Anmeldung unter kulturforum.muenchen-west@web.de ist wegen begrenzter Pl\u00e4tze unbedingt erforderlich. Eintritt 8 Euro,\u00a0 f\u00fcr Mitglieder im Kulturforum M\u00fcnchen-West 5 Euro incl. 7% MWSt.<\/p>\n","protected":false},"author":1,"featured_media":0,"comment_status":"closed","ping_status":"closed","sticky":false,"template":"","format":"standard","meta":[],"categories":[38,12,15],"tags":[],"_links":{"self":[{"href":"https:\/\/kulturforum-mwest.de\/1.0\/K\/wp-json\/wp\/v2\/posts\/3058"}],"collection":[{"href":"https:\/\/kulturforum-mwest.de\/1.0\/K\/wp-json\/wp\/v2\/posts"}],"about":[{"href":"https:\/\/kulturforum-mwest.de\/1.0\/K\/wp-json\/wp\/v2\/types\/post"}],"author":[{"embeddable":true,"href":"https:\/\/kulturforum-mwest.de\/1.0\/K\/wp-json\/wp\/v2\/users\/1"}],"replies":[{"embeddable":true,"href":"https:\/\/kulturforum-mwest.de\/1.0\/K\/wp-json\/wp\/v2\/comments?post=3058"}],"version-history":[{"count":8,"href":"https:\/\/kulturforum-mwest.de\/1.0\/K\/wp-json\/wp\/v2\/posts\/3058\/revisions"}],"predecessor-version":[{"id":3135,"href":"https:\/\/kulturforum-mwest.de\/1.0\/K\/wp-json\/wp\/v2\/posts\/3058\/revisions\/3135"}],"wp:attachment":[{"href":"https:\/\/kulturforum-mwest.de\/1.0\/K\/wp-json\/wp\/v2\/media?parent=3058"}],"wp:term":[{"taxonomy":"category","embeddable":true,"href":"https:\/\/kulturforum-mwest.de\/1.0\/K\/wp-json\/wp\/v2\/categories?post=3058"},{"taxonomy":"post_tag","embeddable":true,"href":"https:\/\/kulturforum-mwest.de\/1.0\/K\/wp-json\/wp\/v2\/tags?post=3058"}],"curies":[{"name":"wp","href":"https:\/\/api.w.org\/{rel}","templated":true}]}}