{"id":3343,"date":"2018-01-23T22:39:58","date_gmt":"2018-01-23T22:39:58","guid":{"rendered":"https:\/\/www.kulturforum-mwest.de\/K\/?p=3343"},"modified":"2018-01-30T09:32:03","modified_gmt":"2018-01-30T09:32:03","slug":"180123-stammtisch-marek","status":"publish","type":"post","link":"https:\/\/kulturforum-mwest.de\/1.0\/K\/180123-stammtisch-marek\/","title":{"rendered":"Stammtisch mit Christian Marek"},"content":{"rendered":"<p><img loading=\"lazy\" class=\"size-full wp-image-3373 alignleft\" src=\"https:\/\/www.kulturforum-mwest.de\/1.0\/K\/wp-content\/uploads\/2017\/12\/180123-marek-120.jpg\" alt=\"\" width=\"120\" height=\"120\" \/>Dienstag 23. Januar 2018 um 19.30 Uhr im Gasthof &#8222;Jagdschloss: <strong>Kultur-Stammtisch<\/strong> des Kulturforums M\u00fcnchen-West mit dem P\u00e4dagogen <strong>Christian Marek<\/strong> als Gast. <!--more-->Christian Marek kommt aus einem K\u00fcnstlerhaushalt, er ist Pasinger und Mitbegr\u00fcnder des Laienstreichorchesters &#8222;Die Zarge&#8220;. F\u00fcr sein au\u00dfergew\u00f6hnliches schulisches und au\u00dferschulisches p\u00e4dagogisches und bildungspolitisches Engagement ist er vielfach geehrt worden: mit dem Pasinger Kulturpreis, der Medaille &#8218;M\u00fcnchen leuchtet&#8216; und seit 2017 auch dem Bundesverdienstkreuz und der Kerschensteiner-Medaille. F\u00fcr den langj\u00e4hrigen Rektor der Grundschule an der Oselstra\u00dfe war ein Grundprinzip seines p\u00e4dagogischem Handelns: &#8222;Traditionen erhalten und gleichzeitig innovative Wege beschreiten&#8220;. Wir wollen mit Christian Marek \u00fcber seine Erfahrungen und Vorstellungen sprechen.<\/p>\n<p>Veranstaltungsort: Jagdschloss in der Alten Allee. Beginn ist 19.30 Uhr.<img loading=\"lazy\" class=\"alignnone size-full wp-image-3368\" src=\"https:\/\/www.kulturforum-mwest.de\/1.0\/K\/wp-content\/uploads\/2017\/12\/180123-marek.jpg\" alt=\"\" width=\"525\" height=\"700\" srcset=\"https:\/\/kulturforum-mwest.de\/1.0\/K\/wp-content\/uploads\/2017\/12\/180123-marek.jpg 525w, https:\/\/kulturforum-mwest.de\/1.0\/K\/wp-content\/uploads\/2017\/12\/180123-marek-225x300.jpg 225w\" sizes=\"(max-width: 525px) 100vw, 525px\" \/><\/p>\n<p>&nbsp;<\/p>\n<p>&nbsp;<\/p>\n<p>&nbsp;<\/p>\n","protected":false},"excerpt":{"rendered":"<p>Dienstag 23. Januar 2018 um 19.30 Uhr im Gasthof &#8222;Jagdschloss: Kultur-Stammtisch des Kulturforums M\u00fcnchen-West mit dem P\u00e4dagogen Christian Marek als Gast.<\/p>\n","protected":false},"author":1,"featured_media":0,"comment_status":"closed","ping_status":"closed","sticky":false,"template":"","format":"standard","meta":[],"categories":[44,17,26],"tags":[],"_links":{"self":[{"href":"https:\/\/kulturforum-mwest.de\/1.0\/K\/wp-json\/wp\/v2\/posts\/3343"}],"collection":[{"href":"https:\/\/kulturforum-mwest.de\/1.0\/K\/wp-json\/wp\/v2\/posts"}],"about":[{"href":"https:\/\/kulturforum-mwest.de\/1.0\/K\/wp-json\/wp\/v2\/types\/post"}],"author":[{"embeddable":true,"href":"https:\/\/kulturforum-mwest.de\/1.0\/K\/wp-json\/wp\/v2\/users\/1"}],"replies":[{"embeddable":true,"href":"https:\/\/kulturforum-mwest.de\/1.0\/K\/wp-json\/wp\/v2\/comments?post=3343"}],"version-history":[{"count":4,"href":"https:\/\/kulturforum-mwest.de\/1.0\/K\/wp-json\/wp\/v2\/posts\/3343\/revisions"}],"predecessor-version":[{"id":3375,"href":"https:\/\/kulturforum-mwest.de\/1.0\/K\/wp-json\/wp\/v2\/posts\/3343\/revisions\/3375"}],"wp:attachment":[{"href":"https:\/\/kulturforum-mwest.de\/1.0\/K\/wp-json\/wp\/v2\/media?parent=3343"}],"wp:term":[{"taxonomy":"category","embeddable":true,"href":"https:\/\/kulturforum-mwest.de\/1.0\/K\/wp-json\/wp\/v2\/categories?post=3343"},{"taxonomy":"post_tag","embeddable":true,"href":"https:\/\/kulturforum-mwest.de\/1.0\/K\/wp-json\/wp\/v2\/tags?post=3343"}],"curies":[{"name":"wp","href":"https:\/\/api.w.org\/{rel}","templated":true}]}}