{"id":3357,"date":"2018-01-26T16:56:54","date_gmt":"2018-01-26T16:56:54","guid":{"rendered":"https:\/\/www.kulturforum-mwest.de\/K\/?p=3357"},"modified":"2018-02-11T15:55:44","modified_gmt":"2018-02-11T15:55:44","slug":"180126-raphael-baumgaertner","status":"publish","type":"post","link":"https:\/\/kulturforum-mwest.de\/1.0\/K\/180126-raphael-baumgaertner\/","title":{"rendered":"G. Baumg\u00e4rtner in St. Raphael"},"content":{"rendered":"<p><img loading=\"lazy\" class=\"size-full wp-image-3358 alignleft\" src=\"https:\/\/www.kulturforum-mwest.de\/1.0\/K\/wp-content\/uploads\/2017\/12\/180126-raphael-120.jpg\" alt=\"\" width=\"120\" height=\"120\" \/> 26.01. bis 11.02.2018 Ausstellung &#8222;<strong>Ordentliche Unordnung<\/strong>&#8220; mit Farbmalerei und\u00a0 Zeichnungen von<strong> Gerhard Baumg\u00e4rtner<\/strong> in der Unterkirche von St. Raphael.\u00a0 Vernissage am Freitag, 26. Januar 2018 um 19 Uhr mit Einf\u00fchrung des K\u00fcnstlers und Laudatio von Michael Glatzel.\u00a0 Finissage am Sonntag, 11. Februar 2018 um 15 Uhr; der K\u00fcnstler ist anwesend.<!--more-->Gerhard Baumg\u00e4rtner: Die Serie \u201eOrdentliche Unordnung\u201c versucht, k\u00fcnstlerisch Chaos in die Ordnung oder Ordnung in das Chaos zu bringen, bzw. die Grenze zwischen Chaos und Ordnung auszuloten. Alles andere entsteht im Kopf des Betrachters.<br \/>\nMit seiner Kunst ist Gerhard Baumg\u00e4rtner ein Grenzg\u00e4nger zwischen gegenst\u00e4ndlicher und abstrakter Malerei. Dabei ist ihm immer der ernsthafte, intensive Dialog mit den Farben wichtig. <a href=\"http:\/\/www.gerhard-baumgaertner.de\" target=\"_blank\" rel=\"noopener\">www.gerhard-baumgaertner.de<\/a><\/p>\n<figure id=\"attachment_3359\" aria-describedby=\"caption-attachment-3359\" style=\"width: 700px\" class=\"wp-caption alignnone\"><img loading=\"lazy\" class=\"wp-image-3359 size-full\" src=\"https:\/\/www.kulturforum-mwest.de\/1.0\/K\/wp-content\/uploads\/2017\/12\/180126-raphael-ursache-wirkung.jpg\" alt=\"\" width=\"700\" height=\"453\" srcset=\"https:\/\/kulturforum-mwest.de\/1.0\/K\/wp-content\/uploads\/2017\/12\/180126-raphael-ursache-wirkung.jpg 700w, https:\/\/kulturforum-mwest.de\/1.0\/K\/wp-content\/uploads\/2017\/12\/180126-raphael-ursache-wirkung-300x194.jpg 300w\" sizes=\"(max-width: 700px) 100vw, 700px\" \/><figcaption id=\"caption-attachment-3359\" class=\"wp-caption-text\">Gerhard Baumg\u00e4rtner: Ursache und Wirkung<\/figcaption><\/figure>\n<p>Ordentliche Unordnung<br \/>\nFarbmalerei \u2013 Zeichnungen von Gerhard Baumg\u00e4rtner<br \/>\nAusstellung vom 26.01. bis 11.02.2018, Eintritt frei<br \/>\n\u00d6ffnungszeiten:\u00a0 Samstag und Sonntag von 15 bis 18 Uhr<br \/>\nUnterkirche von St. Raphael, Lechelstra\u00dfe 52\/Ecke Waldhornstra\u00dfe M\u00fcnchen-Hartmannshofen.<\/p>\n<p>S1 und U3 bis Bahnhof Moosach, dann Bus 162 bis Waldhornstra\u00dfe, diese nach S\u00fcden bis St. Raphael, Eingang zur Unterkirche an der Nordseite.<\/p>\n<p>Veranstalter: Kirche St. Raphael in Kooperation mit dem Kulturforum M\u00fcnchen-West e.V.\u00a0 Kurator: Michael Glatzel<\/p>\n<figure id=\"attachment_3360\" aria-describedby=\"caption-attachment-3360\" style=\"width: 700px\" class=\"wp-caption alignnone\"><img loading=\"lazy\" class=\"wp-image-3360 size-full\" src=\"https:\/\/www.kulturforum-mwest.de\/1.0\/K\/wp-content\/uploads\/2017\/12\/180126-rahael-unordnung.jpg\" alt=\"\" width=\"700\" height=\"468\" srcset=\"https:\/\/kulturforum-mwest.de\/1.0\/K\/wp-content\/uploads\/2017\/12\/180126-rahael-unordnung.jpg 700w, https:\/\/kulturforum-mwest.de\/1.0\/K\/wp-content\/uploads\/2017\/12\/180126-rahael-unordnung-300x201.jpg 300w\" sizes=\"(max-width: 700px) 100vw, 700px\" \/><figcaption id=\"caption-attachment-3360\" class=\"wp-caption-text\">Gerhard Baumg\u00e4rtner: Ordentliche Unordnung<\/figcaption><\/figure>\n<p>&nbsp;<\/p>\n<p>&nbsp;<\/p>\n","protected":false},"excerpt":{"rendered":"<p>26.01. bis 11.02.2018 Ausstellung &#8222;Ordentliche Unordnung&#8220; mit Farbmalerei und\u00a0 Zeichnungen von Gerhard Baumg\u00e4rtner in der Unterkirche von St. Raphael.\u00a0 Vernissage am Freitag, 26. Januar 2018 um 19 Uhr mit Einf\u00fchrung des K\u00fcnstlers und Laudatio von Michael Glatzel.\u00a0 Finissage am Sonntag, 11. Februar 2018 um 15 Uhr; der K\u00fcnstler ist anwesend.<\/p>\n","protected":false},"author":1,"featured_media":0,"comment_status":"closed","ping_status":"closed","sticky":false,"template":"","format":"standard","meta":[],"categories":[44,3,1,32],"tags":[],"_links":{"self":[{"href":"https:\/\/kulturforum-mwest.de\/1.0\/K\/wp-json\/wp\/v2\/posts\/3357"}],"collection":[{"href":"https:\/\/kulturforum-mwest.de\/1.0\/K\/wp-json\/wp\/v2\/posts"}],"about":[{"href":"https:\/\/kulturforum-mwest.de\/1.0\/K\/wp-json\/wp\/v2\/types\/post"}],"author":[{"embeddable":true,"href":"https:\/\/kulturforum-mwest.de\/1.0\/K\/wp-json\/wp\/v2\/users\/1"}],"replies":[{"embeddable":true,"href":"https:\/\/kulturforum-mwest.de\/1.0\/K\/wp-json\/wp\/v2\/comments?post=3357"}],"version-history":[{"count":3,"href":"https:\/\/kulturforum-mwest.de\/1.0\/K\/wp-json\/wp\/v2\/posts\/3357\/revisions"}],"predecessor-version":[{"id":3422,"href":"https:\/\/kulturforum-mwest.de\/1.0\/K\/wp-json\/wp\/v2\/posts\/3357\/revisions\/3422"}],"wp:attachment":[{"href":"https:\/\/kulturforum-mwest.de\/1.0\/K\/wp-json\/wp\/v2\/media?parent=3357"}],"wp:term":[{"taxonomy":"category","embeddable":true,"href":"https:\/\/kulturforum-mwest.de\/1.0\/K\/wp-json\/wp\/v2\/categories?post=3357"},{"taxonomy":"post_tag","embeddable":true,"href":"https:\/\/kulturforum-mwest.de\/1.0\/K\/wp-json\/wp\/v2\/tags?post=3357"}],"curies":[{"name":"wp","href":"https:\/\/api.w.org\/{rel}","templated":true}]}}