{"id":3400,"date":"2018-02-04T09:41:17","date_gmt":"2018-02-04T09:41:17","guid":{"rendered":"https:\/\/www.kulturforum-mwest.de\/K\/?p=3400"},"modified":"2018-02-04T19:55:14","modified_gmt":"2018-02-04T19:55:14","slug":"180204-kammermusik-daubenhauer-kuen","status":"publish","type":"post","link":"https:\/\/kulturforum-mwest.de\/1.0\/K\/180204-kammermusik-daubenhauer-kuen\/","title":{"rendered":"Kammermusik: Duo Daubenhauer-Kuen"},"content":{"rendered":"<p><img loading=\"lazy\" class=\"size-full wp-image-3388 alignleft\" src=\"https:\/\/www.kulturforum-mwest.de\/1.0\/K\/wp-content\/uploads\/2018\/01\/180204-daubenhauer-kuen-120.jpg\" alt=\"\" width=\"120\" height=\"120\" \/>Sonntag, 04.02.2018, 19:00 Uhr<br \/>\nDas DUO DAUENHAUER KUEN Anna Sophie Daubenhauer | Violine und Lukas Maria Kuen | Klavier,<br \/>\nspielt Violinsonaten von F. Schubert, J. Brahms und O. Respighi. MVHS, B\u00e4ckerstr. 14. Eintritt nur nach Anmeldung unter <a href=\"mailto:info@kammermusik-pasing.de\">info@kammermusik-pasing.de<\/a>, Karten zu 25 Euro, Mitglieder 20<\/p>\n<p><!--more--><\/p>\n<p>Die Geigerin Anna Sophie Dauenhauer spielt mit ihrem Klavierpartner Lukas Maria Kuen Violinsonaten von Franz Schubert (D-Dur, op. posth. 137\/1), Johannes Brahms (d-moll, op. 108) und Ottorino Respighi (h-moll).<\/p>\n<p>Ger\u00fchmt f\u00fcr ihre perfekte Zusammenarbeit, hochentwickelten Klangsinn und traumwandlerisches Verstehen auf der B\u00fchne verbindet das\u00a0<strong>Duo Dauenhauer Kuen<\/strong>\u00a0seit vielen Jahren eine gro\u00dfe Leidenschaft f\u00fcr die Kammermusik und das schier unersch\u00f6pfliche Repertoire f\u00fcr ihre Besetzung. Die bisher erschienenen Einspielungen der beiden preisgekr\u00f6nten Musiker mit Werken der franz\u00f6sischen Sp\u00e4tromantik sowie Violinsonaten von Busoni und Pfitzner wurden von der Fachpresse im In-und Ausland hochgelobt.<\/p>\n<p><img loading=\"lazy\" class=\"alignnone size-full wp-image-3401\" src=\"https:\/\/www.kulturforum-mwest.de\/1.0\/K\/wp-content\/uploads\/2018\/01\/180204-daubenhauer-kuen.jpg\" alt=\"\" width=\"555\" height=\"660\" srcset=\"https:\/\/kulturforum-mwest.de\/1.0\/K\/wp-content\/uploads\/2018\/01\/180204-daubenhauer-kuen.jpg 555w, https:\/\/kulturforum-mwest.de\/1.0\/K\/wp-content\/uploads\/2018\/01\/180204-daubenhauer-kuen-252x300.jpg 252w\" sizes=\"(max-width: 555px) 100vw, 555px\" \/><\/p>\n<p>Die Ausz\u00fcge aus Pressekritiken soll Ihnen Lust auf das Konzert machen:<br \/>\n<em>S\u00fcddeutsche Zeitung\/Eggebrecht<\/em>\u00a0&#8222;&#8230; wer diese CD h\u00f6rt muss begeistert sein, weil die junge Deutsche Anna Sophie Dauenhauer sich mit ihrem Klavierpartner Lukas Maria Kuen so in diese Musik st\u00fcrzt, ohne den Kopf zu verlieren, dass es eine reine Freude ist&#8230;&#8220;.<\/p>\n<p><em>Ensemble Magazin\/D\u00fcrer<\/em>\u00a0&#8222;dramatisch-farbenreiche wie zyklische Dramatik, dass man sich nicht satth\u00f6ren kann&#8230; die beiden Interpreten treffen in ihrem berauschend dr\u00e4ngenden Spiel die ganze Wucht dieser Musik&#8220;<\/p>\n<p><em>Fono Forum\/Hornig\u00a0<\/em>\u00a0&#8222;&#8230; Naturbegabung&#8230; Anna Sophie Dauenhauer und Lukas Maria Kuen, die gestalterisch kongenial an einem Strang ziehen, haben sich f\u00fcr ein Konzept entschieden, das musikalisch von der ersten bis zur letzten Note tr\u00e4gt. Dieses Deb\u00fct klingt nach mehr.&#8220;<\/p>\n<p><em>S\u00fcddeutsche Zeitung\/Eggebrecht\u00a0<\/em>\u00a0&#8222;Dauenhauer\/Kuen erf\u00fcllen beide St\u00fccke mit soviel \u00dcberschwang wie \u00dcberlegtheit.&#8220;<\/p>\n<p><em>Neue Z\u00fcrcher Zeitung\/L\u00fcck<\/em>\u00a0&#8222;&#8230; gleicherma\u00dfen gef\u00fchlsreiche wie technisch versierte Wiedergaben, das Zusammenspiel wirkt sehr harmonisch und bestens ausbalanciert&#8220;.<\/p>\n<p>&nbsp;<\/p>\n<p>&nbsp;<\/p>\n<p>&nbsp;<\/p>\n","protected":false},"excerpt":{"rendered":"<p>Sonntag, 04.02.2018, 19:00 Uhr Das DUO DAUENHAUER KUEN Anna Sophie Daubenhauer | Violine und Lukas Maria Kuen | Klavier, spielt Violinsonaten von F. Schubert, J. Brahms und O. Respighi. MVHS, B\u00e4ckerstr. 14. Eintritt nur nach Anmeldung unter info@kammermusik-pasing.de, Karten zu 25 Euro, Mitglieder 20<\/p>\n","protected":false},"author":1,"featured_media":0,"comment_status":"closed","ping_status":"closed","sticky":false,"template":"","format":"standard","meta":[],"categories":[44,9,11],"tags":[],"_links":{"self":[{"href":"https:\/\/kulturforum-mwest.de\/1.0\/K\/wp-json\/wp\/v2\/posts\/3400"}],"collection":[{"href":"https:\/\/kulturforum-mwest.de\/1.0\/K\/wp-json\/wp\/v2\/posts"}],"about":[{"href":"https:\/\/kulturforum-mwest.de\/1.0\/K\/wp-json\/wp\/v2\/types\/post"}],"author":[{"embeddable":true,"href":"https:\/\/kulturforum-mwest.de\/1.0\/K\/wp-json\/wp\/v2\/users\/1"}],"replies":[{"embeddable":true,"href":"https:\/\/kulturforum-mwest.de\/1.0\/K\/wp-json\/wp\/v2\/comments?post=3400"}],"version-history":[{"count":1,"href":"https:\/\/kulturforum-mwest.de\/1.0\/K\/wp-json\/wp\/v2\/posts\/3400\/revisions"}],"predecessor-version":[{"id":3402,"href":"https:\/\/kulturforum-mwest.de\/1.0\/K\/wp-json\/wp\/v2\/posts\/3400\/revisions\/3402"}],"wp:attachment":[{"href":"https:\/\/kulturforum-mwest.de\/1.0\/K\/wp-json\/wp\/v2\/media?parent=3400"}],"wp:term":[{"taxonomy":"category","embeddable":true,"href":"https:\/\/kulturforum-mwest.de\/1.0\/K\/wp-json\/wp\/v2\/categories?post=3400"},{"taxonomy":"post_tag","embeddable":true,"href":"https:\/\/kulturforum-mwest.de\/1.0\/K\/wp-json\/wp\/v2\/tags?post=3400"}],"curies":[{"name":"wp","href":"https:\/\/api.w.org\/{rel}","templated":true}]}}