{"id":3403,"date":"2018-02-27T10:03:24","date_gmt":"2018-02-27T10:03:24","guid":{"rendered":"https:\/\/www.kulturforum-mwest.de\/K\/?p=3403"},"modified":"2018-03-01T10:34:29","modified_gmt":"2018-03-01T10:34:29","slug":"180227-stammtisch-kolibri","status":"publish","type":"post","link":"https:\/\/kulturforum-mwest.de\/1.0\/K\/180227-stammtisch-kolibri\/","title":{"rendered":"Kulturstammtisch mit Gast Kolibri"},"content":{"rendered":"<p><img loading=\"lazy\" class=\"size-full wp-image-3417 alignleft\" src=\"https:\/\/www.kulturforum-mwest.de\/1.0\/K\/wp-content\/uploads\/2018\/01\/180227-kolibri-120.jpg\" alt=\"\" width=\"120\" height=\"120\" \/>Dienstag 27. Februar 2018 um 19:30 Kulturstammtisch des Kulturforum M\u00fcnchen-West mit der Interkulturellen Stiftung Kolibri als Gast. Hofbr\u00e4u Obermenzing, Verdistr. 125. Auch Nicht-Mitglieder sind herzlich willkommen, der Eintritt ist frei, Anmeldung nicht erforderlich.<!--more--><\/p>\n<p><strong>Frau Elisabeth Mach-Hour und Herr Walter Kuhn<\/strong> werden bei der Vorstellung ihrer Stiftung einen umfassenden Einblick auf die Arbeit deren Organisation geben. Den Schwerpunkt der Pr\u00e4sentation legen sie auf das \u201eKunst-Kabinett\u201c (www.kolibri-kunst-kabinett.de).<\/p>\n<p><strong>Frau Elisabeth Mach-Hour<\/strong> ist Gr\u00fcndungsmitglied der Kolibri-Stiftung und Vorsitzende des Beirats. Herr <strong>Walter Kuhn <\/strong>war bis zu seiner Pensionierung als Stadtgeograph und Urbanist an der Uni M\u00fcnchen t\u00e4tig. Verst\u00e4rkt seit 2011, arbeitet er als frei schaffender K\u00fcnstler, insbesondere auch als Organisator mehrerer internationaler Kunstausstellungen im franz\u00f6sischen Massif Central. Einem gr\u00f6\u00dferen Publikum wurde Walter Kuhn insbesondere durch seine Aktion &#8222;Urbane Transhumanz&#8220; bekannt, die deutschlandweit gro\u00dfes Medienecho erfuhr und als Benefiz-projekt f\u00fcr KOLIBRI durchgef\u00fchrt wurde. (<a href=\"http:\/\/www.urbane-transhumanz.com\/\">www.urbane-transhumanz.com<\/a>)<\/p>\n<p>Die gemeinn\u00fctzige Stiftung Kolibri bietet Hilfe f\u00fcr Fl\u00fcchtlinge, Migranten und deren Nachkommen, binationale Familien und Partnerschaften, Kinder und Jugendliche, die ohne ihre Eltern bei uns stranden, sowie Behinderte, Gefolterte und Traumatisierte. Ziel der Stiftung ist, Vorurteile, Diskriminierung und Rassismus zu \u00fcberwinden und die Verst\u00e4ndigung mit den neuen B\u00fcrgerinnen und B\u00fcrgern zu f\u00f6rdern.<\/p>\n<p>Vier Organisationen haben zusammen mit anderen engagierten B\u00fcrgerinnen und B\u00fcrgern 1999 die Kolibri-Interkulturelle Stiftung gegr\u00fcndet und sind ihr bis heute eng verbunden<br \/>\n&#8211; Refugio &#8211; Beratungs- und Behandlungszentrum f\u00fcr Folteropfer,<br \/>\n&#8211; InitiativGruppe interkulturelle Bildung und Begegnung IG e.V.,<br \/>\n&#8211; Freundschaft zwischen Ausl\u00e4ndern und Deutschen FAD e.V.,<br \/>\n&#8211; Verband binationaler Familien und Partnerschaften e.V.<br \/>\nDiese vier Organisationen werden regelm\u00e4\u00dfig von der Stiftung Kolibri finanziell bei ihren Projekten unterst\u00fctzt. Die Mittel wirbt die Stiftung mit ihrem Verein \u00fcber Benefizveranstaltungen wie z.B. das <strong>Benefizkonzert am 9.3.2018<\/strong> im Herkulessaal oder \u00fcber Auktionen des \u201cKunst-Kabinett\u201d ein. Mit diesen Ertr\u00e4gen und weiteren Spenden gelingt es der Stiftung, jedes Jahr erneut vielen Menschen zu helfen. Da alle \u201cKolibris\u201d ehrenamtlich arbeiten, flie\u00dfen s\u00e4mtliche Einnahmen an die gef\u00f6rderten Projekte.<\/p>\n<p>Das \u201eKolibri-Kunst-Kabinett\u201c ist ein Projekt der \u201eKolibri Interkulturelle Stiftung\u201c und hat zum Ziel, Werke von Bildenden K\u00fcnstlerInnen und KunstbesitzerInnen zu verkaufen und den Erl\u00f6s Kolibri zu spenden. Die K\u00fcnstlerInnen bzw. KunstbesitzerInnen entscheiden dabei selber, ob sie den Erl\u00f6s ganz oder zu einem erheblichen Teil an Kolibri spenden. Die Preise legen die Eigent\u00fcmer fest. Die Kunstobjekte bleiben bis zum Verkauf bei ihnen und k\u00f6nnen auf Wunsch dort im Original betrachtet werden. Den Kontakt stellt Kolibri her.<\/p>\n<p><img loading=\"lazy\" class=\"alignnone size-full wp-image-3413\" src=\"https:\/\/www.kulturforum-mwest.de\/1.0\/K\/wp-content\/uploads\/2018\/01\/180227-kolibri-01.jpg\" alt=\"\" width=\"700\" height=\"518\" srcset=\"https:\/\/kulturforum-mwest.de\/1.0\/K\/wp-content\/uploads\/2018\/01\/180227-kolibri-01.jpg 700w, https:\/\/kulturforum-mwest.de\/1.0\/K\/wp-content\/uploads\/2018\/01\/180227-kolibri-01-300x222.jpg 300w\" sizes=\"(max-width: 700px) 100vw, 700px\" \/><\/p>\n<p><img loading=\"lazy\" class=\"alignnone size-full wp-image-3414\" src=\"https:\/\/www.kulturforum-mwest.de\/1.0\/K\/wp-content\/uploads\/2018\/01\/180227-kolibri-02.jpg\" alt=\"\" width=\"700\" height=\"516\" srcset=\"https:\/\/kulturforum-mwest.de\/1.0\/K\/wp-content\/uploads\/2018\/01\/180227-kolibri-02.jpg 700w, https:\/\/kulturforum-mwest.de\/1.0\/K\/wp-content\/uploads\/2018\/01\/180227-kolibri-02-300x221.jpg 300w\" sizes=\"(max-width: 700px) 100vw, 700px\" \/><\/p>\n<figure id=\"attachment_3415\" aria-describedby=\"caption-attachment-3415\" style=\"width: 700px\" class=\"wp-caption alignnone\"><img loading=\"lazy\" class=\"wp-image-3415 size-full\" src=\"https:\/\/www.kulturforum-mwest.de\/1.0\/K\/wp-content\/uploads\/2018\/01\/180227-kolibri-03.jpg\" alt=\"\" width=\"700\" height=\"697\" srcset=\"https:\/\/kulturforum-mwest.de\/1.0\/K\/wp-content\/uploads\/2018\/01\/180227-kolibri-03.jpg 700w, https:\/\/kulturforum-mwest.de\/1.0\/K\/wp-content\/uploads\/2018\/01\/180227-kolibri-03-120x120.jpg 120w, https:\/\/kulturforum-mwest.de\/1.0\/K\/wp-content\/uploads\/2018\/01\/180227-kolibri-03-300x300.jpg 300w\" sizes=\"(max-width: 700px) 100vw, 700px\" \/><figcaption id=\"caption-attachment-3415\" class=\"wp-caption-text\">Das Kunst-Kabinett der Kolibri-Interkulturelle Stiftung. Fotos: Ulrike Turner<\/figcaption><\/figure>\n<p>Termin: <strong>Dienstag 27. Feb. 2018 um 19:30 Uhr<\/strong>.<br \/>\n<strong>Der Veranstaltungsort ist das Hofbr\u00e4u Obermenzing, Verdistr. 12.<br \/>\n<\/strong><\/p>\n<p>Nichtmitglieder sind beim Kultur-Stammtisch herzlich willkommen, Eintritt frei, Anmeldung nicht erforderlich. Spenden gehen an Kolibri.<\/p>\n","protected":false},"excerpt":{"rendered":"<p>Dienstag 27. Februar 2018 um 19:30 Kulturstammtisch des Kulturforum M\u00fcnchen-West mit der Interkulturellen Stiftung Kolibri als Gast. Hofbr\u00e4u Obermenzing, Verdistr. 125. Auch Nicht-Mitglieder sind herzlich willkommen, der Eintritt ist frei, Anmeldung nicht erforderlich.<\/p>\n","protected":false},"author":1,"featured_media":0,"comment_status":"closed","ping_status":"closed","sticky":false,"template":"","format":"standard","meta":[],"categories":[44,17,26],"tags":[],"_links":{"self":[{"href":"https:\/\/kulturforum-mwest.de\/1.0\/K\/wp-json\/wp\/v2\/posts\/3403"}],"collection":[{"href":"https:\/\/kulturforum-mwest.de\/1.0\/K\/wp-json\/wp\/v2\/posts"}],"about":[{"href":"https:\/\/kulturforum-mwest.de\/1.0\/K\/wp-json\/wp\/v2\/types\/post"}],"author":[{"embeddable":true,"href":"https:\/\/kulturforum-mwest.de\/1.0\/K\/wp-json\/wp\/v2\/users\/1"}],"replies":[{"embeddable":true,"href":"https:\/\/kulturforum-mwest.de\/1.0\/K\/wp-json\/wp\/v2\/comments?post=3403"}],"version-history":[{"count":5,"href":"https:\/\/kulturforum-mwest.de\/1.0\/K\/wp-json\/wp\/v2\/posts\/3403\/revisions"}],"predecessor-version":[{"id":3419,"href":"https:\/\/kulturforum-mwest.de\/1.0\/K\/wp-json\/wp\/v2\/posts\/3403\/revisions\/3419"}],"wp:attachment":[{"href":"https:\/\/kulturforum-mwest.de\/1.0\/K\/wp-json\/wp\/v2\/media?parent=3403"}],"wp:term":[{"taxonomy":"category","embeddable":true,"href":"https:\/\/kulturforum-mwest.de\/1.0\/K\/wp-json\/wp\/v2\/categories?post=3403"},{"taxonomy":"post_tag","embeddable":true,"href":"https:\/\/kulturforum-mwest.de\/1.0\/K\/wp-json\/wp\/v2\/tags?post=3403"}],"curies":[{"name":"wp","href":"https:\/\/api.w.org\/{rel}","templated":true}]}}