{"id":3406,"date":"2018-03-04T10:24:19","date_gmt":"2018-03-04T10:24:19","guid":{"rendered":"https:\/\/www.kulturforum-mwest.de\/K\/?p=3406"},"modified":"2018-03-07T08:43:21","modified_gmt":"2018-03-07T08:43:21","slug":"180304-kammermusik","status":"publish","type":"post","link":"https:\/\/kulturforum-mwest.de\/1.0\/K\/180304-kammermusik\/","title":{"rendered":"Kammermusik: Viola und Cello"},"content":{"rendered":"<p><img loading=\"lazy\" class=\"size-full wp-image-3407 alignleft\" src=\"https:\/\/www.kulturforum-mwest.de\/1.0\/K\/wp-content\/uploads\/2018\/01\/180304-zhen-samsonov-120.jpg\" alt=\"\" width=\"240\" height=\"120\" \/>Sonntag, 4. M\u00e4rz 2018 19 Uhr<br \/>\nWen-Xiao Zheng, Viola und Mikael Samsonov, Violoncello mit Duo- und Solost\u00fccken. MVHS Pasing, B\u00e4ckerstr. 14.<\/p>\n<p><!--more--><\/p>\n<p>Die beiden Ausnahmemusiker haben sich zusammengetan und erkunden die \u00e4u\u00dferst selten zu h\u00f6rende Musik f\u00fcr die aparte Kombination Bratsche und Cello: u. a. von Allessandro Rolla, Giambatista Cirri, Reinholf Gli\u00e8re und nat\u00fcrlich das Duett mit zwei obligaten Augengl\u00e4sern von Ludwig van Beethoven (original f\u00fcr Violine und Cello). Dazu Solost\u00fccke f\u00fcr die beiden Instrumente von Giovanni Sollima, Igor Strawinsky und ein Satz aus der 5. Cellosuite von J. S. Bach.<\/p>\n<h4>Wen-Xiao Zheng Viola<\/h4>\n<p>Informationen zu Wen-Xiao Zheng (ARD Preis Gewinner und Solobratscher im BR Symphonieorchester) unter:<br \/>\n<a href=\"http:\/\/www.wenxiaozheng.de\/\" target=\"_blank\" rel=\"noopener\">http:\/\/www.wenxiaozheng.de\/<\/a><\/p>\n<figure id=\"attachment_3409\" aria-describedby=\"caption-attachment-3409\" style=\"width: 467px\" class=\"wp-caption alignnone\"><img loading=\"lazy\" class=\"wp-image-3409 size-full\" src=\"https:\/\/www.kulturforum-mwest.de\/1.0\/K\/wp-content\/uploads\/2018\/01\/180304-zhen.jpg\" alt=\"\" width=\"467\" height=\"700\" srcset=\"https:\/\/kulturforum-mwest.de\/1.0\/K\/wp-content\/uploads\/2018\/01\/180304-zhen.jpg 467w, https:\/\/kulturforum-mwest.de\/1.0\/K\/wp-content\/uploads\/2018\/01\/180304-zhen-200x300.jpg 200w\" sizes=\"(max-width: 467px) 100vw, 467px\" \/><figcaption id=\"caption-attachment-3409\" class=\"wp-caption-text\">Wen-Xiao Zheng, Foto: Martin Teschner<\/figcaption><\/figure>\n<h4>Mikael Samsonov Violoncello<\/h4>\n<p>Der in Minsk geborene Mikael Samsonov studierte als Stipendiat an der Londoner Guildhall School of Music &amp; Drama und absolvierte 2004 sein Studium bei Natalia Gutman an der Staatlichen Hochschule f\u00fcr Musik und Darstellende Kunst Stuttgart mit Auszeichnung. Aber auch dem fr\u00fch verstorbenen gro\u00dfen Cellisten Boris Pergamenschikow und den Mitgliedern des Borodin String Quartet und dem Alban Berg Quartett hat Mikael Samsonov viel zu verdanken. Bereits w\u00e4hrend des Studiums errang er erste Preise bei internationalen Solo- und Kammermusikwettbewerbenwie dem Concertino Praga in Prag.<br \/>\nGer\u00fchmt werden sein mitrei\u00dfendes und spannungsgeladenes Spiel voller Leidenschaft und Emotion, die Intensit\u00e4t des musikalischen Ausdrucks sowie der kraftvolle Strich seines Bogens.<\/p>\n<figure id=\"attachment_3408\" aria-describedby=\"caption-attachment-3408\" style=\"width: 960px\" class=\"wp-caption alignnone\"><img loading=\"lazy\" class=\"wp-image-3408 size-full\" src=\"https:\/\/www.kulturforum-mwest.de\/1.0\/K\/wp-content\/uploads\/2018\/01\/180304-samsonov.jpg\" alt=\"\" width=\"960\" height=\"960\" srcset=\"https:\/\/kulturforum-mwest.de\/1.0\/K\/wp-content\/uploads\/2018\/01\/180304-samsonov.jpg 960w, https:\/\/kulturforum-mwest.de\/1.0\/K\/wp-content\/uploads\/2018\/01\/180304-samsonov-120x120.jpg 120w, https:\/\/kulturforum-mwest.de\/1.0\/K\/wp-content\/uploads\/2018\/01\/180304-samsonov-300x300.jpg 300w, https:\/\/kulturforum-mwest.de\/1.0\/K\/wp-content\/uploads\/2018\/01\/180304-samsonov-768x768.jpg 768w\" sizes=\"(max-width: 960px) 100vw, 960px\" \/><figcaption id=\"caption-attachment-3408\" class=\"wp-caption-text\">Mikael Samsonov Soloist in Saint-Sa\u00ebns Cello Concerto No. 1 with the Belarusian State Philharmonic Symphony Orchestra. Photo: Siarhiej \u017ddanovi\u010d. Vom Facebook-Auftritt des K\u00fcnstlers.<\/figcaption><\/figure>\n<p>Karten nur nach Anmeldung unter <a href=\"mailto:info@kammermusik-pasing.de\">info@kammermusik-pasing.de<\/a>\u00a0 zu 25 Euro, f\u00fcr Mitglieder 20 Euro incl. MWSt.<\/p>\n<p>Kammermusik in Pasing ist eine Veranstaltungsreihe des Kulturforum M\u00fcnchen-West e.V.<\/p>\n<p>&nbsp;<\/p>\n<p>&nbsp;<\/p>\n","protected":false},"excerpt":{"rendered":"<p>Sonntag, 4. M\u00e4rz 2018 19 Uhr Wen-Xiao Zheng, Viola und Mikael Samsonov, Violoncello mit Duo- und Solost\u00fccken. MVHS Pasing, B\u00e4ckerstr. 14.<\/p>\n","protected":false},"author":1,"featured_media":0,"comment_status":"closed","ping_status":"closed","sticky":false,"template":"","format":"standard","meta":[],"categories":[44,9,11],"tags":[],"_links":{"self":[{"href":"https:\/\/kulturforum-mwest.de\/1.0\/K\/wp-json\/wp\/v2\/posts\/3406"}],"collection":[{"href":"https:\/\/kulturforum-mwest.de\/1.0\/K\/wp-json\/wp\/v2\/posts"}],"about":[{"href":"https:\/\/kulturforum-mwest.de\/1.0\/K\/wp-json\/wp\/v2\/types\/post"}],"author":[{"embeddable":true,"href":"https:\/\/kulturforum-mwest.de\/1.0\/K\/wp-json\/wp\/v2\/users\/1"}],"replies":[{"embeddable":true,"href":"https:\/\/kulturforum-mwest.de\/1.0\/K\/wp-json\/wp\/v2\/comments?post=3406"}],"version-history":[{"count":4,"href":"https:\/\/kulturforum-mwest.de\/1.0\/K\/wp-json\/wp\/v2\/posts\/3406\/revisions"}],"predecessor-version":[{"id":3465,"href":"https:\/\/kulturforum-mwest.de\/1.0\/K\/wp-json\/wp\/v2\/posts\/3406\/revisions\/3465"}],"wp:attachment":[{"href":"https:\/\/kulturforum-mwest.de\/1.0\/K\/wp-json\/wp\/v2\/media?parent=3406"}],"wp:term":[{"taxonomy":"category","embeddable":true,"href":"https:\/\/kulturforum-mwest.de\/1.0\/K\/wp-json\/wp\/v2\/categories?post=3406"},{"taxonomy":"post_tag","embeddable":true,"href":"https:\/\/kulturforum-mwest.de\/1.0\/K\/wp-json\/wp\/v2\/tags?post=3406"}],"curies":[{"name":"wp","href":"https:\/\/api.w.org\/{rel}","templated":true}]}}