{"id":3451,"date":"2018-03-16T14:21:53","date_gmt":"2018-03-16T14:21:53","guid":{"rendered":"https:\/\/www.kulturforum-mwest.de\/K\/?p=3451"},"modified":"2018-04-05T08:55:34","modified_gmt":"2018-04-05T08:55:34","slug":"180316-raphael-momente","status":"publish","type":"post","link":"https:\/\/kulturforum-mwest.de\/1.0\/K\/180316-raphael-momente\/","title":{"rendered":"Bewegte Momente &#8211; Skulptur und Malerei"},"content":{"rendered":"<p><img loading=\"lazy\" class=\"size-full wp-image-3456 alignleft\" src=\"https:\/\/www.kulturforum-mwest.de\/1.0\/K\/wp-content\/uploads\/2018\/03\/180316-hofbauer-120.jpg\" alt=\"\" width=\"120\" height=\"120\" \/>16. M\u00e4rz bis 2. April 2018 Ausstellung &#8222;Bewegte Momente&#8220; mit Malerei von Ulrike Gerd Hartmann und Skulpturen von Johannes Hofbauer.\u00a0Unterkirche von St. Raphael, Untermenzing-Hartmannshofen. Vernissage war am 16. M\u00e4rz 2018, Finissage ist am Ostermontag, 2. April, um 15 Uhr.\u00a0 <!--more--><\/p>\n<h3>&#8222;Bewegte Momente&#8220; mit Malerei und Skulpturen in der Unterkirche von St. Raphael in Hartmannshofen<\/h3>\n<p>Das Kulturforum M\u00fcnchen-West l\u00e4dt zur zweiten Ausstellung in 2018 in der Unterkirche von St. Raphael, Untermenzing-Hartmannshofen ein, die es als Kooperationspartner begleitet. Die Vernissage ist am Freitag, 16. M\u00e4rz um 19 Uhr, die Finissage wird am Ostermontag, 2. April, um 15 Uhr sein. Gezeigt werden in dieser Gemeinschaftsausstellung Werke des Bildhauers Johannes Hofbauer und der Malerin Ulrike Gerd Hartmann, beide sind bei diesen Veranstaltungen anwesend. Die Einf\u00fchrung der K\u00fcnstler \u00fcbernimmt Michael Glatzel.<\/p>\n<figure id=\"attachment_3458\" aria-describedby=\"caption-attachment-3458\" style=\"width: 700px\" class=\"wp-caption alignnone\"><img loading=\"lazy\" class=\"wp-image-3458 size-full\" src=\"https:\/\/www.kulturforum-mwest.de\/1.0\/K\/wp-content\/uploads\/2018\/03\/180316-hofbauer-maeander.jpg\" alt=\"\" width=\"700\" height=\"467\" srcset=\"https:\/\/kulturforum-mwest.de\/1.0\/K\/wp-content\/uploads\/2018\/03\/180316-hofbauer-maeander.jpg 700w, https:\/\/kulturforum-mwest.de\/1.0\/K\/wp-content\/uploads\/2018\/03\/180316-hofbauer-maeander-300x200.jpg 300w\" sizes=\"(max-width: 700px) 100vw, 700px\" \/><figcaption id=\"caption-attachment-3458\" class=\"wp-caption-text\">Johannes Hofbauer: M\u00e4ander<\/figcaption><\/figure>\n<p>\u201eIch habe gro\u00dfe Achtung vor dem Baum in der Natur und verwende daher nur kranke, verletzte oder tote B\u00e4ume\u201c, so der Hofbauer, ein geb\u00fcrtiger Niederbayer und gelernter Drechsler. Er hat nach der Designer Fachhochschule in Hildesheim und der Meisterpr\u00fcfung vor 26 Jahren eine eigene Werkstatt gegr\u00fcndet und ist seither an zahlreichen Ausstellungen zu sehen gewesen. Auch wenn die Kettens\u00e4ge eigentlich ein urspr\u00fcngliches Werkzeug des Zertrennen und Zerst\u00f6rens ist und nach brachialer Gewalt klingt, so entstehen bei Hofbauer sensible Arbeiten voller Formgef\u00fchl und \u00e4sthetischem Bewusstsein. Seine Skulpturen sind direkt und transportieren in ihrer schlichten, mal wuchtigen, teils fragilen Gestaltung immer einen inneren Konsens. Sie behaupten sich in fremden R\u00e4umen und gehen gerne in Dialog mit den Bildern an der Wand.<\/p>\n<p>Diese Arbeiten auf Papier und Leinwand stammen von Ulrike Gerd Hartmann. Die Malerin hat u.a. an der Akademie Bad Reichenhall bei Ingrid Jureit (Stipendium) studiert. Eva Grosshennig in M\u00fcnchen und Gabriele Boulanger waren ebenso wichtige Lehrerinnen. Seit 2005 rege Ausstellungst\u00e4tigkeit. Ihr Techniken umfassen Monotypie, Acryl , Holzschnitt und Mischtechnik.<\/p>\n<figure id=\"attachment_3454\" aria-describedby=\"caption-attachment-3454\" style=\"width: 510px\" class=\"wp-caption alignnone\"><img loading=\"lazy\" class=\"wp-image-3454 size-full\" src=\"https:\/\/www.kulturforum-mwest.de\/1.0\/K\/wp-content\/uploads\/2018\/03\/180316-hartmann-spieler.jpg\" alt=\"\" width=\"510\" height=\"508\" srcset=\"https:\/\/kulturforum-mwest.de\/1.0\/K\/wp-content\/uploads\/2018\/03\/180316-hartmann-spieler.jpg 510w, https:\/\/kulturforum-mwest.de\/1.0\/K\/wp-content\/uploads\/2018\/03\/180316-hartmann-spieler-120x120.jpg 120w, https:\/\/kulturforum-mwest.de\/1.0\/K\/wp-content\/uploads\/2018\/03\/180316-hartmann-spieler-300x300.jpg 300w\" sizes=\"(max-width: 510px) 100vw, 510px\" \/><figcaption id=\"caption-attachment-3454\" class=\"wp-caption-text\">Ulrike Gerd Hartmann: Der Spieler<\/figcaption><\/figure>\n<p>\u201eIch liebe es Geschichten zu erz\u00e4hlen. Mit Worten und Farben. Was mein Leben ausmacht, mich ber\u00fchrt, in mir Resonanz erzeugt, \u00e4u\u00dfert sich in bildhafter Wirklichkeit. Was weckt meine Neugier? Die reine Malerei, der direkte Umgang mit Farbe und Pinsel. Oder auch Linienspiele, die ihre Wege suchen. Das Bild ist Gef\u00e4hrte der Empfindungen. Es offenbart vielleicht die urspr\u00fcngliche Idee. Oder verliert sich im Augenblick. Der Akt des Gestaltens wird eigenst\u00e4ndig, entfernt sich von der Ausgangsidee. So entsteht ein lustvoller Tanz diverser Techniken\u201c, wie die Malerin ihre Arbeit beschreibt.<\/p>\n<figure id=\"attachment_3452\" aria-describedby=\"caption-attachment-3452\" style=\"width: 510px\" class=\"wp-caption alignnone\"><img loading=\"lazy\" class=\"wp-image-3452 size-full\" src=\"https:\/\/www.kulturforum-mwest.de\/1.0\/K\/wp-content\/uploads\/2018\/03\/180316-hartmann-02.jpg\" alt=\"\" width=\"510\" height=\"504\" srcset=\"https:\/\/kulturforum-mwest.de\/1.0\/K\/wp-content\/uploads\/2018\/03\/180316-hartmann-02.jpg 510w, https:\/\/kulturforum-mwest.de\/1.0\/K\/wp-content\/uploads\/2018\/03\/180316-hartmann-02-120x120.jpg 120w, https:\/\/kulturforum-mwest.de\/1.0\/K\/wp-content\/uploads\/2018\/03\/180316-hartmann-02-300x296.jpg 300w\" sizes=\"(max-width: 510px) 100vw, 510px\" \/><figcaption id=\"caption-attachment-3452\" class=\"wp-caption-text\">Ulrike Gerd Hartmann<\/figcaption><\/figure>\n<p>Der Eintritt ist frei. Die \u00d6ffnungszeiten: Samstag und Sonntag von 15 bis 18 Uhr; die Kirche St. Raphael ist in der Lechelstra\u00dfe 52, Ecke Waldhornstra\u00dfe.<\/p>\n<p>S1 und U3 bis Bahnhof Moosach, dann Bus 162 bis Waldhornstra\u00dfe, diese nach S\u00fcden bis St. Raphael, Eingang zur Unterkirche an der Nordseite.<\/p>\n<p>Veranstalter: Kirche St. Raphael in Kooperation mit dem Kulturforum M\u00fcnchen-West e.V. Kurator: Michael Glatzel.<\/p>\n<p>Copyright der Fotos: die K\u00fcnstler.<\/p>\n<figure id=\"attachment_3459\" aria-describedby=\"caption-attachment-3459\" style=\"width: 510px\" class=\"wp-caption alignnone\"><img loading=\"lazy\" class=\"wp-image-3459 size-full\" src=\"https:\/\/www.kulturforum-mwest.de\/1.0\/K\/wp-content\/uploads\/2018\/03\/180316-hofbauer-turbo.jpg\" alt=\"\" width=\"510\" height=\"507\" srcset=\"https:\/\/kulturforum-mwest.de\/1.0\/K\/wp-content\/uploads\/2018\/03\/180316-hofbauer-turbo.jpg 510w, https:\/\/kulturforum-mwest.de\/1.0\/K\/wp-content\/uploads\/2018\/03\/180316-hofbauer-turbo-120x120.jpg 120w, https:\/\/kulturforum-mwest.de\/1.0\/K\/wp-content\/uploads\/2018\/03\/180316-hofbauer-turbo-300x298.jpg 300w\" sizes=\"(max-width: 510px) 100vw, 510px\" \/><figcaption id=\"caption-attachment-3459\" class=\"wp-caption-text\">Johannes Hofbauer: Turbo perdu<\/figcaption><\/figure>\n<p>&nbsp;<\/p>\n<p>&nbsp;<\/p>\n<p>&nbsp;<\/p>\n","protected":false},"excerpt":{"rendered":"<p>16. M\u00e4rz bis 2. April 2018 Ausstellung &#8222;Bewegte Momente&#8220; mit Malerei von Ulrike Gerd Hartmann und Skulpturen von Johannes Hofbauer.\u00a0Unterkirche von St. Raphael, Untermenzing-Hartmannshofen. Vernissage war am 16. M\u00e4rz 2018, Finissage ist am Ostermontag, 2. April, um 15 Uhr.\u00a0<\/p>\n","protected":false},"author":1,"featured_media":0,"comment_status":"closed","ping_status":"closed","sticky":false,"template":"","format":"standard","meta":[],"categories":[44,3,1,43,32],"tags":[],"_links":{"self":[{"href":"https:\/\/kulturforum-mwest.de\/1.0\/K\/wp-json\/wp\/v2\/posts\/3451"}],"collection":[{"href":"https:\/\/kulturforum-mwest.de\/1.0\/K\/wp-json\/wp\/v2\/posts"}],"about":[{"href":"https:\/\/kulturforum-mwest.de\/1.0\/K\/wp-json\/wp\/v2\/types\/post"}],"author":[{"embeddable":true,"href":"https:\/\/kulturforum-mwest.de\/1.0\/K\/wp-json\/wp\/v2\/users\/1"}],"replies":[{"embeddable":true,"href":"https:\/\/kulturforum-mwest.de\/1.0\/K\/wp-json\/wp\/v2\/comments?post=3451"}],"version-history":[{"count":4,"href":"https:\/\/kulturforum-mwest.de\/1.0\/K\/wp-json\/wp\/v2\/posts\/3451\/revisions"}],"predecessor-version":[{"id":3479,"href":"https:\/\/kulturforum-mwest.de\/1.0\/K\/wp-json\/wp\/v2\/posts\/3451\/revisions\/3479"}],"wp:attachment":[{"href":"https:\/\/kulturforum-mwest.de\/1.0\/K\/wp-json\/wp\/v2\/media?parent=3451"}],"wp:term":[{"taxonomy":"category","embeddable":true,"href":"https:\/\/kulturforum-mwest.de\/1.0\/K\/wp-json\/wp\/v2\/categories?post=3451"},{"taxonomy":"post_tag","embeddable":true,"href":"https:\/\/kulturforum-mwest.de\/1.0\/K\/wp-json\/wp\/v2\/tags?post=3451"}],"curies":[{"name":"wp","href":"https:\/\/api.w.org\/{rel}","templated":true}]}}