{"id":3495,"date":"2018-04-26T11:26:45","date_gmt":"2018-04-26T11:26:45","guid":{"rendered":"https:\/\/www.kulturforum-mwest.de\/K\/?p=3495"},"modified":"2018-05-07T09:35:52","modified_gmt":"2018-05-07T09:35:52","slug":"180426-vortrag-marc","status":"publish","type":"post","link":"https:\/\/kulturforum-mwest.de\/1.0\/K\/180426-vortrag-marc\/","title":{"rendered":"Marc in Menzing"},"content":{"rendered":"<p><img loading=\"lazy\" class=\"size-full wp-image-3497 alignleft\" src=\"https:\/\/www.kulturforum-mwest.de\/1.0\/K\/wp-content\/uploads\/2018\/03\/180426-marc-haus-120.jpg\" alt=\"\" width=\"120\" height=\"120\" \/>Donnerstag 26. April 2018 um 19:30 im Ebenb\u00f6ckhaus: Vortrag von Brigitte Rossbeck \u00fcber Franz Marc in Menzing, in der Reihe Pasinger Ber\u00fchmtheiten. Eintritt 8 Euro, f\u00fcr Mitglieder 5 Euro.\u00a0 Rechtzeitige verbindliche Anmeldung unter <a href=\"mailto:kulturforum.muenchen-west@web.de\">kulturforum.muenchen-west@web.de<\/a> ist wegen der begrenzten Pl\u00e4tze unbedingt erforderlich.<!--more--><\/p>\n<h3>Franz Marc, Wege ins Leben, Wege zur Kunst<\/h3>\n<p>Vortrag von Brigitte Rossbeck im Ebenb\u00f6ckhaus<\/p>\n<p>&nbsp;<\/p>\n<figure id=\"attachment_3499\" aria-describedby=\"caption-attachment-3499\" style=\"width: 700px\" class=\"wp-caption alignnone\"><img loading=\"lazy\" class=\"wp-image-3499 size-full\" src=\"https:\/\/www.kulturforum-mwest.de\/1.0\/K\/wp-content\/uploads\/2018\/03\/180426-marc-haus-2.jpg\" alt=\"\" width=\"700\" height=\"320\" srcset=\"https:\/\/kulturforum-mwest.de\/1.0\/K\/wp-content\/uploads\/2018\/03\/180426-marc-haus-2.jpg 700w, https:\/\/kulturforum-mwest.de\/1.0\/K\/wp-content\/uploads\/2018\/03\/180426-marc-haus-2-300x137.jpg 300w\" sizes=\"(max-width: 700px) 100vw, 700px\" \/><figcaption id=\"caption-attachment-3499\" class=\"wp-caption-text\">Haus der Familie Wilhelm Marc in der Flossmannstr. 33. Foto Pasinger Archiv e.V.<\/figcaption><\/figure>\n<p>Die Familie Marc lebte zuletzt in der Flo\u00dfmannstra\u00dfe 33, nahe dem W\u00fcrmkanal in Obermenzing. Wilhelm Marc war ein anerkannter akademischer Genre- und Landschaftsmaler der \u201eM\u00fcnchner Schule\u201c. 1880 wurde sein zweiter Sohn Franz geboren. Marc hatte 1895 die \u201ekleine Villa mit G\u00e4rtchen\u201c mit eingebautem Atelier von seinem damaligen Nachbarn in der Schwanthalerstra\u00dfe, dem Architekten August Exter, bauen lassen. In der \u201eExterschen-Villencolonie\u201c waren viele K\u00fcnstler ans\u00e4ssig, die von der malerischen Umgebung angetan waren. Franz wohnte im Alter von 15 bis etwa 25 mit im Obermenzinger Elternhaus, wo seine ersten Werke entstanden. Hier verliebte der 20j\u00e4hrige Franz sich in Annette Simon, die Frau eines Nachbarn. Ab 1904 hatte der junge Maler ein eigenes kleines Atelier in der Kaulbachstra\u00dfe 68 in Schwabing, das ihm Annette gemietet hatte. 1907 heiratete der Maler im Standesamt Obermenzing allerdings die Kunstlehrerin Marie Schn\u00fcr.<\/p>\n<figure id=\"attachment_3501\" aria-describedby=\"caption-attachment-3501\" style=\"width: 700px\" class=\"wp-caption alignnone\"><img loading=\"lazy\" class=\"wp-image-3501 size-full\" src=\"https:\/\/www.kulturforum-mwest.de\/1.0\/K\/wp-content\/uploads\/2018\/03\/180426-marc-garten.jpg\" alt=\"\" width=\"700\" height=\"506\" srcset=\"https:\/\/kulturforum-mwest.de\/1.0\/K\/wp-content\/uploads\/2018\/03\/180426-marc-garten.jpg 700w, https:\/\/kulturforum-mwest.de\/1.0\/K\/wp-content\/uploads\/2018\/03\/180426-marc-garten-300x217.jpg 300w\" sizes=\"(max-width: 700px) 100vw, 700px\" \/><figcaption id=\"caption-attachment-3501\" class=\"wp-caption-text\">Franz Marc im elterlichen Garten. Foto Pasinger Archiv e.V.<\/figcaption><\/figure>\n<h3>Die Tr\u00e4ume und das Leben<\/h3>\n<p>Franz Marc wurde zum Mitgr\u00fcnder der K\u00fcnstlervereinigung \u201eBlauer Reiter\u201c und gilt als einer der bedeutendsten Maler des 20. Jahrhunderts. Er starb 1916 im Alter von sechsunddrei\u00dfig Jahren auf dem Schlachtfeld vor Verdun.<\/p>\n<p>Brigitte Ro\u00dfbeck ist Historikerin und freie Journalistin. Sie schreibt seit vielen Jahren exakt recherchierte und von der Kritik hoch gelobte Biografien. Zuletzt erschienen aus ihrer Feder \u201aMarianne von Werefkin. Die Russin aus dem Kreis des Blauen Reiters\u2018 und \u201aFranz Marc. Die Tr\u00e4ume und das Leben\u2018. Als Herausgeberin ver\u00f6ffentlichte sie unter dem Titel \u201aDas Herz droht mir manchmal zu zerspringen\u2018 die Memoiren von Maria Marc. Die Autorin ist Mitglied den PEN-Zentrums Deutschland. Die ausgewiesene Marc-Kennerin wird in dem Vortrag von den Tr\u00e4umen und dem Leben eines der wichtigsten Maler des Expressionismus erz\u00e4hlen und seine \u201eWege ins Leben, Wege zur Kunst\u201c aufzeigen.<\/p>\n<p>Donnerstag 26. April 2018, 19.30 Uhr, Ebenb\u00f6ckhaus, Ebenb\u00f6ckstr. 11<\/p>\n<p><img loading=\"lazy\" class=\"alignnone size-full wp-image-3520\" src=\"https:\/\/www.kulturforum-mwest.de\/1.0\/K\/wp-content\/uploads\/2018\/03\/180426-rossbeck.jpg\" alt=\"\" width=\"700\" height=\"469\" srcset=\"https:\/\/kulturforum-mwest.de\/1.0\/K\/wp-content\/uploads\/2018\/03\/180426-rossbeck.jpg 700w, https:\/\/kulturforum-mwest.de\/1.0\/K\/wp-content\/uploads\/2018\/03\/180426-rossbeck-300x201.jpg 300w\" sizes=\"(max-width: 700px) 100vw, 700px\" \/><\/p>\n<p>&nbsp;<\/p>\n<p>&nbsp;<\/p>\n<p>&nbsp;<\/p>\n<p>&nbsp;<\/p>\n","protected":false},"excerpt":{"rendered":"<p>Donnerstag 26. April 2018 um 19:30 im Ebenb\u00f6ckhaus: Vortrag von Brigitte Rossbeck \u00fcber Franz Marc in Menzing, in der Reihe Pasinger Ber\u00fchmtheiten. Eintritt 8 Euro, f\u00fcr Mitglieder 5 Euro.\u00a0 Rechtzeitige verbindliche Anmeldung unter kulturforum.muenchen-west@web.de ist wegen der begrenzten Pl\u00e4tze unbedingt erforderlich.<\/p>\n","protected":false},"author":1,"featured_media":0,"comment_status":"closed","ping_status":"closed","sticky":false,"template":"","format":"standard","meta":[],"categories":[44,12,29],"tags":[],"_links":{"self":[{"href":"https:\/\/kulturforum-mwest.de\/1.0\/K\/wp-json\/wp\/v2\/posts\/3495"}],"collection":[{"href":"https:\/\/kulturforum-mwest.de\/1.0\/K\/wp-json\/wp\/v2\/posts"}],"about":[{"href":"https:\/\/kulturforum-mwest.de\/1.0\/K\/wp-json\/wp\/v2\/types\/post"}],"author":[{"embeddable":true,"href":"https:\/\/kulturforum-mwest.de\/1.0\/K\/wp-json\/wp\/v2\/users\/1"}],"replies":[{"embeddable":true,"href":"https:\/\/kulturforum-mwest.de\/1.0\/K\/wp-json\/wp\/v2\/comments?post=3495"}],"version-history":[{"count":6,"href":"https:\/\/kulturforum-mwest.de\/1.0\/K\/wp-json\/wp\/v2\/posts\/3495\/revisions"}],"predecessor-version":[{"id":3522,"href":"https:\/\/kulturforum-mwest.de\/1.0\/K\/wp-json\/wp\/v2\/posts\/3495\/revisions\/3522"}],"wp:attachment":[{"href":"https:\/\/kulturforum-mwest.de\/1.0\/K\/wp-json\/wp\/v2\/media?parent=3495"}],"wp:term":[{"taxonomy":"category","embeddable":true,"href":"https:\/\/kulturforum-mwest.de\/1.0\/K\/wp-json\/wp\/v2\/categories?post=3495"},{"taxonomy":"post_tag","embeddable":true,"href":"https:\/\/kulturforum-mwest.de\/1.0\/K\/wp-json\/wp\/v2\/tags?post=3495"}],"curies":[{"name":"wp","href":"https:\/\/api.w.org\/{rel}","templated":true}]}}