{"id":3508,"date":"2018-05-03T17:41:50","date_gmt":"2018-05-03T17:41:50","guid":{"rendered":"https:\/\/www.kulturforum-mwest.de\/K\/?p=3508"},"modified":"2018-05-07T09:36:33","modified_gmt":"2018-05-07T09:36:33","slug":"180503-heiliges-land","status":"publish","type":"post","link":"https:\/\/kulturforum-mwest.de\/1.0\/K\/180503-heiliges-land\/","title":{"rendered":"Blickpunkt Heiliges Land"},"content":{"rendered":"<p><img loading=\"lazy\" class=\"size-full wp-image-3509 alignleft\" src=\"https:\/\/www.kulturforum-mwest.de\/1.0\/K\/wp-content\/uploads\/2018\/03\/180503-mauer-120.jpg\" alt=\"\" width=\"120\" height=\"120\" \/>Donnerstag 3. Mai 2018 um 19:30 im Ebenb\u00f6ckhaus: Vortrag \u201eBlickpunkt Heiliges Land\u201c. Eintritt 8 Euro, f\u00fcr Mitglieder im Kulturforum M\u00fcnchen-West 5 Euro. Ort: Ebenb\u00f6ckstra\u00dfe 11.\u00a0 Verbindliche Anmeldung unter <a href=\"mailto:kulturforum.muenchen-west@web.de\">kulturforum.muenchen-west@web.de<\/a> ist wegen begrenzter Pl\u00e4tze unbedingt erforderlich.<\/p>\n<p><!--more--><\/p>\n<h3>Blickpunkt Heiliges Land. Pal\u00e4stina und Israel mit eigenen Augen gesehen.<\/h3>\n<p>Das Kulturforum M\u00fcnchen-West veranstaltet am 3. Mai einen Abend zum Thema \u201eBlickpunkt Heiliges Land\u201c und hat G\u00e4ste geladen, die einen authentischen Reisebericht mit Bildern liefern. Sie engagieren sich im \u201eGespr\u00e4chskreis Blickpunkt Heiliges Land&#8220; in der Pfarrei Leiden Christi, den es seit 2014 gibt, und haben \u201ePal\u00e4stina und Israel mit eigenen Augen gesehen\u201c. Die Gegend, in der Jesus w\u00e4hrend seiner irdischen Zeit gelebt und gewirkt hat, war und ist bis heute Schauplatz vieler kriegerischer Auseinandersetzungen &#8211; von den fr\u00fchen Eroberungsz\u00fcgen der umliegenden V\u00f6lker bis zum heutigen israelisch-pal\u00e4stinensischen \u201eNahost\u201c-Konflikt. Eine L\u00f6sung der Hauptstreitpunkte ist nicht in Sicht. Die belastenden Auswirkungen auf die Menschen, die dort wohnen, ist immens. Sie leben in einem st\u00e4ndigen Kriegszustand, sind st\u00e4ndig der Bedrohung durch Attentate und andere brutale \u00dcbergriffe ausgesetzt. Es herrschen katastrophale Lebensbedingungen, die Zukunftsperspektiven verhei\u00dfen nichts Gutes.<\/p>\n<p><img loading=\"lazy\" class=\"alignnone size-full wp-image-3510\" src=\"https:\/\/www.kulturforum-mwest.de\/1.0\/K\/wp-content\/uploads\/2018\/03\/180503-mauer-1.jpg\" alt=\"\" width=\"700\" height=\"525\" srcset=\"https:\/\/kulturforum-mwest.de\/1.0\/K\/wp-content\/uploads\/2018\/03\/180503-mauer-1.jpg 700w, https:\/\/kulturforum-mwest.de\/1.0\/K\/wp-content\/uploads\/2018\/03\/180503-mauer-1-300x225.jpg 300w\" sizes=\"(max-width: 700px) 100vw, 700px\" \/> <img loading=\"lazy\" class=\"alignnone size-full wp-image-3511\" src=\"https:\/\/www.kulturforum-mwest.de\/1.0\/K\/wp-content\/uploads\/2018\/03\/180503-mauer-2.jpg\" alt=\"\" width=\"700\" height=\"525\" srcset=\"https:\/\/kulturforum-mwest.de\/1.0\/K\/wp-content\/uploads\/2018\/03\/180503-mauer-2.jpg 700w, https:\/\/kulturforum-mwest.de\/1.0\/K\/wp-content\/uploads\/2018\/03\/180503-mauer-2-300x225.jpg 300w\" sizes=\"(max-width: 700px) 100vw, 700px\" \/><\/p>\n<p>\u201eWir stellen die menschlichen Probleme des Streits um das Heilige Land in den Mittelpunkt, es geht darum, wie die Betroffenen auf beiden Seiten den erschwerten Alltag erleben und welche Konsequenzen sie daraus ziehen\u201c, so Brigitta Reinhardt, Freya von St\u00fclpnagel und Klaus G\u00fcnter Stahlschmidt.<br \/>\nDer Eintritt kostet 8 Euro, f\u00fcr Mitglieder im Kulturforum M\u00fcnchen-West 5 Euro. Veranstaltungsort ist Ebenb\u00f6ckstra\u00dfe 11. Eine verbindliche Anmeldung unter kulturforum.muenchen-west@web.de ist wegen begrenzter Pl\u00e4tze unbedingt erforderlich.<\/p>\n<p>&nbsp;<\/p>\n<p>&nbsp;<\/p>\n<p>&nbsp;<\/p>\n","protected":false},"excerpt":{"rendered":"<p>Donnerstag 3. Mai 2018 um 19:30 im Ebenb\u00f6ckhaus: Vortrag \u201eBlickpunkt Heiliges Land\u201c. Eintritt 8 Euro, f\u00fcr Mitglieder im Kulturforum M\u00fcnchen-West 5 Euro. Ort: Ebenb\u00f6ckstra\u00dfe 11.\u00a0 Verbindliche Anmeldung unter kulturforum.muenchen-west@web.de ist wegen begrenzter Pl\u00e4tze unbedingt erforderlich.<\/p>\n","protected":false},"author":1,"featured_media":0,"comment_status":"closed","ping_status":"closed","sticky":false,"template":"","format":"standard","meta":[],"categories":[44,12,29],"tags":[],"_links":{"self":[{"href":"https:\/\/kulturforum-mwest.de\/1.0\/K\/wp-json\/wp\/v2\/posts\/3508"}],"collection":[{"href":"https:\/\/kulturforum-mwest.de\/1.0\/K\/wp-json\/wp\/v2\/posts"}],"about":[{"href":"https:\/\/kulturforum-mwest.de\/1.0\/K\/wp-json\/wp\/v2\/types\/post"}],"author":[{"embeddable":true,"href":"https:\/\/kulturforum-mwest.de\/1.0\/K\/wp-json\/wp\/v2\/users\/1"}],"replies":[{"embeddable":true,"href":"https:\/\/kulturforum-mwest.de\/1.0\/K\/wp-json\/wp\/v2\/comments?post=3508"}],"version-history":[{"count":1,"href":"https:\/\/kulturforum-mwest.de\/1.0\/K\/wp-json\/wp\/v2\/posts\/3508\/revisions"}],"predecessor-version":[{"id":3512,"href":"https:\/\/kulturforum-mwest.de\/1.0\/K\/wp-json\/wp\/v2\/posts\/3508\/revisions\/3512"}],"wp:attachment":[{"href":"https:\/\/kulturforum-mwest.de\/1.0\/K\/wp-json\/wp\/v2\/media?parent=3508"}],"wp:term":[{"taxonomy":"category","embeddable":true,"href":"https:\/\/kulturforum-mwest.de\/1.0\/K\/wp-json\/wp\/v2\/categories?post=3508"},{"taxonomy":"post_tag","embeddable":true,"href":"https:\/\/kulturforum-mwest.de\/1.0\/K\/wp-json\/wp\/v2\/tags?post=3508"}],"curies":[{"name":"wp","href":"https:\/\/api.w.org\/{rel}","templated":true}]}}