{"id":3622,"date":"2018-06-19T09:16:15","date_gmt":"2018-06-19T09:16:15","guid":{"rendered":"https:\/\/www.kulturforum-mwest.de\/K\/?p=3622"},"modified":"2018-06-22T06:52:24","modified_gmt":"2018-06-22T06:52:24","slug":"180619-ziervasen-vortrag","status":"publish","type":"post","link":"https:\/\/kulturforum-mwest.de\/1.0\/K\/180619-ziervasen-vortrag\/","title":{"rendered":"Ziervasen im Nymphenburger Park"},"content":{"rendered":"<p><img loading=\"lazy\" class=\"size-full wp-image-3623 alignleft\" src=\"https:\/\/www.kulturforum-mwest.de\/1.0\/K\/wp-content\/uploads\/2018\/05\/180619-ziervasen-120.jpg\" alt=\"\" width=\"120\" height=\"120\" \/>Dienstag, 19. Juni um 19.30 Uhr im Ebenb\u00f6ckhaus: Vortrag von Dr. Freimut Scholz \u00fcber das Bildprogramm der Ziervasen im Nymphenburger Park. Dazu zeigt die Fotografin Gredel Warbeck Fotos aus Ihrem Bildband \u00fcber den Schlosspark.<!--more--><\/p>\n<h3>\u201eWer ist wer\u201c im G\u00f6tterhimmel des Nymphenburger Schlossparks?<\/h3>\n<p>Am Dienstag, 19. Juni, veranstaltet das Kulturforum M\u00fcnchen-West um 19.30 Uhr einen Vortrag \u00fcber die Ziervasen im Nymphenburger Schlosspark im Ebenb\u00f6ck-Haus, Ebenb\u00f6ckstra\u00dfe 11. Zur Einstimmung zeigt die Fotografin Gredel Warbeck beeindruckende Fotos aus Ihrem Bildband \u00fcber den Schlosspark, in dem sie zu jeder Jahreszeit und allen Tageszeiten immer wieder Neues entdeckte. Das Gro\u00dfe Gartenparterre ist mit zw\u00f6lf gro\u00dfen G\u00f6tterfiguren und zw\u00f6lf Ziervasen geschm\u00fcckt. Auf diesen erz\u00e4hlen am\u00fcsante Puttenszenen von Taten und Schicksalen aus der Welt der antiken G\u00f6tter und G\u00f6ttinnen, besonders der benachbarten Skulpturen. Gerade die Vasen laden zum Betrachten ein und machen neugierig. Der Kunsterzieher Dr. Freimut Scholz \u00f6ffnet in seinem Vortrag in Bildern den Blick f\u00fcr die am\u00fcsanten Vasenreliefs, die antike G\u00f6ttergeschichten in der Form von Puttenszenen lebendig werden lassen. Der ehemalige Mitarbeiter des Museumsp\u00e4dagogischen Zentrums M\u00fcnchen stellt auch den Bildhauer vor und informiert \u00fcber die Hintergr\u00fcnde ihres Entstehens. So kann man gem\u00fctlich bei einem unterhaltsamen Vortrag mit den steinernen Damen und Herren im Schlosspark n\u00e4here Bekanntschaft machen und sie besser kennen lernen. \u201eWer ist wer\u201c, an welchen Attributen sind die Gottheiten zu erkennen und welche Geschichten sind auf den Ziervasen zu sehen.<br \/>\nDer Eintritt kostet 8 Euro, f\u00fcr Mitglieder 5 Euro. Eine verbindliche Anmeldung unter kulturforum.muenchen-west@web.de ist wegen begrenzter Pl\u00e4tze unbedingt erforderlich.<\/p>\n<p><a href=\"https:\/\/www.kulturforum-mwest.de\/K\/180622-ziervasen-fuehrung\/\">Am 22.6. f\u00fchrt Dr. Freimut Scholz &#8222;life&#8220;<\/a> im Park durch das Bildprogramm der Skulpturen.<\/p>\n<figure id=\"attachment_3624\" aria-describedby=\"caption-attachment-3624\" style=\"width: 700px\" class=\"wp-caption alignnone\"><img loading=\"lazy\" class=\"wp-image-3624 size-full\" src=\"https:\/\/www.kulturforum-mwest.de\/1.0\/K\/wp-content\/uploads\/2018\/05\/180619-ziervasen-1.jpg\" alt=\"\" width=\"700\" height=\"525\" srcset=\"https:\/\/kulturforum-mwest.de\/1.0\/K\/wp-content\/uploads\/2018\/05\/180619-ziervasen-1.jpg 700w, https:\/\/kulturforum-mwest.de\/1.0\/K\/wp-content\/uploads\/2018\/05\/180619-ziervasen-1-300x225.jpg 300w\" sizes=\"(max-width: 700px) 100vw, 700px\" \/><figcaption id=\"caption-attachment-3624\" class=\"wp-caption-text\">Chronos im Schlosspark, Foto Angela Scheibe-Jaeger<\/figcaption><\/figure>\n<figure id=\"attachment_3625\" aria-describedby=\"caption-attachment-3625\" style=\"width: 700px\" class=\"wp-caption alignnone\"><img loading=\"lazy\" class=\"wp-image-3625 size-full\" src=\"https:\/\/www.kulturforum-mwest.de\/1.0\/K\/wp-content\/uploads\/2018\/05\/180619-ziervasen-2.jpg\" alt=\"\" width=\"700\" height=\"525\" srcset=\"https:\/\/kulturforum-mwest.de\/1.0\/K\/wp-content\/uploads\/2018\/05\/180619-ziervasen-2.jpg 700w, https:\/\/kulturforum-mwest.de\/1.0\/K\/wp-content\/uploads\/2018\/05\/180619-ziervasen-2-300x225.jpg 300w\" sizes=\"(max-width: 700px) 100vw, 700px\" \/><figcaption id=\"caption-attachment-3625\" class=\"wp-caption-text\">Putten auf einer Ziervase im Nymphenburger schlosspark, Foto Angela Scheibe-Jaeger<\/figcaption><\/figure>\n<p>&nbsp;<\/p>\n<p>&nbsp;<\/p>\n<p>&nbsp;<\/p>\n","protected":false},"excerpt":{"rendered":"<p>Dienstag, 19. Juni um 19.30 Uhr im Ebenb\u00f6ckhaus: Vortrag von Dr. Freimut Scholz \u00fcber das Bildprogramm der Ziervasen im Nymphenburger Park. Dazu zeigt die Fotografin Gredel Warbeck Fotos aus Ihrem Bildband \u00fcber den Schlosspark.<\/p>\n","protected":false},"author":1,"featured_media":0,"comment_status":"closed","ping_status":"closed","sticky":false,"template":"","format":"standard","meta":[],"categories":[44,12,29],"tags":[],"_links":{"self":[{"href":"https:\/\/kulturforum-mwest.de\/1.0\/K\/wp-json\/wp\/v2\/posts\/3622"}],"collection":[{"href":"https:\/\/kulturforum-mwest.de\/1.0\/K\/wp-json\/wp\/v2\/posts"}],"about":[{"href":"https:\/\/kulturforum-mwest.de\/1.0\/K\/wp-json\/wp\/v2\/types\/post"}],"author":[{"embeddable":true,"href":"https:\/\/kulturforum-mwest.de\/1.0\/K\/wp-json\/wp\/v2\/users\/1"}],"replies":[{"embeddable":true,"href":"https:\/\/kulturforum-mwest.de\/1.0\/K\/wp-json\/wp\/v2\/comments?post=3622"}],"version-history":[{"count":2,"href":"https:\/\/kulturforum-mwest.de\/1.0\/K\/wp-json\/wp\/v2\/posts\/3622\/revisions"}],"predecessor-version":[{"id":3631,"href":"https:\/\/kulturforum-mwest.de\/1.0\/K\/wp-json\/wp\/v2\/posts\/3622\/revisions\/3631"}],"wp:attachment":[{"href":"https:\/\/kulturforum-mwest.de\/1.0\/K\/wp-json\/wp\/v2\/media?parent=3622"}],"wp:term":[{"taxonomy":"category","embeddable":true,"href":"https:\/\/kulturforum-mwest.de\/1.0\/K\/wp-json\/wp\/v2\/categories?post=3622"},{"taxonomy":"post_tag","embeddable":true,"href":"https:\/\/kulturforum-mwest.de\/1.0\/K\/wp-json\/wp\/v2\/tags?post=3622"}],"curies":[{"name":"wp","href":"https:\/\/api.w.org\/{rel}","templated":true}]}}