{"id":3646,"date":"2018-07-04T19:38:15","date_gmt":"2018-07-04T19:38:15","guid":{"rendered":"https:\/\/www.kulturforum-mwest.de\/K\/?p=3646"},"modified":"2018-07-10T15:54:03","modified_gmt":"2018-07-10T15:54:03","slug":"180705-stammtisch-juli","status":"publish","type":"post","link":"https:\/\/kulturforum-mwest.de\/1.0\/K\/180705-stammtisch-juli\/","title":{"rendered":"Kulturstammtisch im Juli"},"content":{"rendered":"<p><img loading=\"lazy\" class=\"size-full wp-image-1808 alignleft\" src=\"https:\/\/www.kulturforum-mwest.de\/1.0\/K\/wp-content\/uploads\/2016\/06\/160706-stammtisch-120.jpg\" alt=\"\" width=\"120\" height=\"120\" \/>Mittwoch, 4. Juli 2018, 18.00 Uhr treffen wir uns mal wieder im Alten Wirt, Dorfstr. 39 (Obermenzing) ab 18 Uhr zum Kulturstammtisch &#8230; bei sch\u00f6nem Wetter nat\u00fcrlich im Freien! Wir haben keinen Gast eingeladen, sondern hoffen auf Ihre Anregungen und w\u00fcnschen uns sch\u00f6ne und interessante Gespr\u00e4che.<br \/>\nG\u00e4ste sind herzlich willkommen! Der Eintritt ist frei.<\/p>\n","protected":false},"excerpt":{"rendered":"<p>Mittwoch, 4. Juli 2018, 18.00 Uhr treffen wir uns mal wieder im Alten Wirt, Dorfstr. 39 (Obermenzing) ab 18 Uhr zum Kulturstammtisch &#8230; bei sch\u00f6nem Wetter nat\u00fcrlich im Freien! Wir haben keinen Gast eingeladen, sondern hoffen auf Ihre Anregungen und w\u00fcnschen uns sch\u00f6ne und interessante Gespr\u00e4che. G\u00e4ste sind herzlich willkommen! Der Eintritt ist frei.<\/p>\n","protected":false},"author":1,"featured_media":0,"comment_status":"closed","ping_status":"closed","sticky":false,"template":"","format":"standard","meta":[],"categories":[44,26],"tags":[],"_links":{"self":[{"href":"https:\/\/kulturforum-mwest.de\/1.0\/K\/wp-json\/wp\/v2\/posts\/3646"}],"collection":[{"href":"https:\/\/kulturforum-mwest.de\/1.0\/K\/wp-json\/wp\/v2\/posts"}],"about":[{"href":"https:\/\/kulturforum-mwest.de\/1.0\/K\/wp-json\/wp\/v2\/types\/post"}],"author":[{"embeddable":true,"href":"https:\/\/kulturforum-mwest.de\/1.0\/K\/wp-json\/wp\/v2\/users\/1"}],"replies":[{"embeddable":true,"href":"https:\/\/kulturforum-mwest.de\/1.0\/K\/wp-json\/wp\/v2\/comments?post=3646"}],"version-history":[{"count":1,"href":"https:\/\/kulturforum-mwest.de\/1.0\/K\/wp-json\/wp\/v2\/posts\/3646\/revisions"}],"predecessor-version":[{"id":3647,"href":"https:\/\/kulturforum-mwest.de\/1.0\/K\/wp-json\/wp\/v2\/posts\/3646\/revisions\/3647"}],"wp:attachment":[{"href":"https:\/\/kulturforum-mwest.de\/1.0\/K\/wp-json\/wp\/v2\/media?parent=3646"}],"wp:term":[{"taxonomy":"category","embeddable":true,"href":"https:\/\/kulturforum-mwest.de\/1.0\/K\/wp-json\/wp\/v2\/categories?post=3646"},{"taxonomy":"post_tag","embeddable":true,"href":"https:\/\/kulturforum-mwest.de\/1.0\/K\/wp-json\/wp\/v2\/tags?post=3646"}],"curies":[{"name":"wp","href":"https:\/\/api.w.org\/{rel}","templated":true}]}}