{"id":3766,"date":"2018-07-27T15:41:28","date_gmt":"2018-07-27T15:41:28","guid":{"rendered":"https:\/\/www.kulturforum-mwest.de\/K\/?p=3766"},"modified":"2018-08-02T14:53:13","modified_gmt":"2018-08-02T14:53:13","slug":"180803-atelierbesuch-keilbach","status":"publish","type":"post","link":"https:\/\/kulturforum-mwest.de\/1.0\/K\/180803-atelierbesuch-keilbach\/","title":{"rendered":"Atelierbesuch bei Mike Keilbach"},"content":{"rendered":"<p><img loading=\"lazy\" class=\"size-full wp-image-3769 alignleft\" src=\"https:\/\/www.kulturforum-mwest.de\/1.0\/K\/wp-content\/uploads\/2018\/07\/180803-keilbach-120.jpg\" alt=\"\" width=\"120\" height=\"120\" \/>Freitag, 27. Juli 2018 um 17 Uhr F\u00fchrung im Atelier des Obermenzinger K\u00fcnstlers Mike Keilbach in der Freseniusstra\u00dfe 31. Seine vielfarbigen Bilder spiegeln meist junge Menschen in unserer Gesellschaft, die nach ihrem Platz und ihrer Pers\u00f6nlichkeit suchen. Die Atelierf\u00fchrung ist kostenlos, Anmeldungen erbeten unter kulturforum.muenchen-west@web.de.<\/p>\n<p><!--more-->Keilbachs helles Atelier ist auch K\u00fcnstlertreffpunkt und Ort f\u00fcr ein vielf\u00e4ltiges Veranstaltungsprogramm. Hier ist auch der Mittelpunkt der K\u00fcnstlervereinigung Artvision, die vor 30 Jahren gegr\u00fcndet wurde. Vereinsvorsitzender ist Mike Keilbach. Die Mitglieder dieser &#8222;f\u00f6rdernden Vereinigung zeitgen\u00f6ssischer Kunst und Kultur&#8220; zeigen bei den j\u00e4hrlichen Menzinger Ateliertagen ihre Werke und erstellen gemeinschaftlich Gro\u00dfbilder mit Sehensw\u00fcrdigkeiten des jeweiligen Stadtteils, zuletzt bei der 1200 Jahr Feier in Menzing. F\u00fcr diesen Sommer plant die Gruppe eine Ausstellung am neuen Bahnzaun beim Weg zum Nymphenburger Schloss.<\/p>\n<p><img loading=\"lazy\" class=\"alignnone size-full wp-image-3767\" src=\"https:\/\/www.kulturforum-mwest.de\/1.0\/K\/wp-content\/uploads\/2018\/07\/180803-keilbach.jpg\" alt=\"\" width=\"700\" height=\"525\" srcset=\"https:\/\/kulturforum-mwest.de\/1.0\/K\/wp-content\/uploads\/2018\/07\/180803-keilbach.jpg 700w, https:\/\/kulturforum-mwest.de\/1.0\/K\/wp-content\/uploads\/2018\/07\/180803-keilbach-300x225.jpg 300w\" sizes=\"(max-width: 700px) 100vw, 700px\" \/><\/p>\n<p>&nbsp;<\/p>\n<p>&nbsp;<\/p>\n<p>&nbsp;<\/p>\n<p>&nbsp;<\/p>\n","protected":false},"excerpt":{"rendered":"<p>Freitag, 27. Juli 2018 um 17 Uhr F\u00fchrung im Atelier des Obermenzinger K\u00fcnstlers Mike Keilbach in der Freseniusstra\u00dfe 31. Seine vielfarbigen Bilder spiegeln meist junge Menschen in unserer Gesellschaft, die nach ihrem Platz und ihrer Pers\u00f6nlichkeit suchen. Die Atelierf\u00fchrung ist kostenlos, Anmeldungen erbeten unter kulturforum.muenchen-west@web.de.<\/p>\n","protected":false},"author":1,"featured_media":0,"comment_status":"closed","ping_status":"closed","sticky":false,"template":"","format":"standard","meta":[],"categories":[44,39,10],"tags":[],"_links":{"self":[{"href":"https:\/\/kulturforum-mwest.de\/1.0\/K\/wp-json\/wp\/v2\/posts\/3766"}],"collection":[{"href":"https:\/\/kulturforum-mwest.de\/1.0\/K\/wp-json\/wp\/v2\/posts"}],"about":[{"href":"https:\/\/kulturforum-mwest.de\/1.0\/K\/wp-json\/wp\/v2\/types\/post"}],"author":[{"embeddable":true,"href":"https:\/\/kulturforum-mwest.de\/1.0\/K\/wp-json\/wp\/v2\/users\/1"}],"replies":[{"embeddable":true,"href":"https:\/\/kulturforum-mwest.de\/1.0\/K\/wp-json\/wp\/v2\/comments?post=3766"}],"version-history":[{"count":4,"href":"https:\/\/kulturforum-mwest.de\/1.0\/K\/wp-json\/wp\/v2\/posts\/3766\/revisions"}],"predecessor-version":[{"id":3775,"href":"https:\/\/kulturforum-mwest.de\/1.0\/K\/wp-json\/wp\/v2\/posts\/3766\/revisions\/3775"}],"wp:attachment":[{"href":"https:\/\/kulturforum-mwest.de\/1.0\/K\/wp-json\/wp\/v2\/media?parent=3766"}],"wp:term":[{"taxonomy":"category","embeddable":true,"href":"https:\/\/kulturforum-mwest.de\/1.0\/K\/wp-json\/wp\/v2\/categories?post=3766"},{"taxonomy":"post_tag","embeddable":true,"href":"https:\/\/kulturforum-mwest.de\/1.0\/K\/wp-json\/wp\/v2\/tags?post=3766"}],"curies":[{"name":"wp","href":"https:\/\/api.w.org\/{rel}","templated":true}]}}