{"id":3791,"date":"2018-09-20T07:51:09","date_gmt":"2018-09-20T07:51:09","guid":{"rendered":"https:\/\/www.kulturforum-mwest.de\/K\/?p=3791"},"modified":"2018-10-16T21:07:31","modified_gmt":"2018-10-16T21:07:31","slug":"180921-raphael-kromer","status":"publish","type":"post","link":"https:\/\/kulturforum-mwest.de\/1.0\/K\/180921-raphael-kromer\/","title":{"rendered":"EinBlicke in St. Raphael"},"content":{"rendered":"<p><img loading=\"lazy\" class=\"size-full wp-image-3792 alignleft\" src=\"https:\/\/www.kulturforum-mwest.de\/1.0\/K\/wp-content\/uploads\/2018\/08\/180921-raph-kromer-120.jpg\" alt=\"\" width=\"120\" height=\"120\" \/> 20. September bis 7. Oktober 2018 Ausstellung\u00a0 <em>EinBlicke<\/em> von Gabi Kromer mit Holzschnitten und Skulpturen. Freitag, den 21. September 2018 um 19 Uhr <strong>war Vernissage, <\/strong>Kurator Michael Glatzel f\u00fchrte in die Arbeiten ein. Ort: die Unterkirche von <strong>St. Raphael<\/strong>, Eintritt frei<\/p>\n<p><!--more--><\/p>\n<p><img loading=\"lazy\" class=\"alignnone size-full wp-image-3794\" src=\"https:\/\/www.kulturforum-mwest.de\/1.0\/K\/wp-content\/uploads\/2018\/08\/180921-raph-kromer-05.jpg\" alt=\"\" width=\"700\" height=\"347\" srcset=\"https:\/\/kulturforum-mwest.de\/1.0\/K\/wp-content\/uploads\/2018\/08\/180921-raph-kromer-05.jpg 700w, https:\/\/kulturforum-mwest.de\/1.0\/K\/wp-content\/uploads\/2018\/08\/180921-raph-kromer-05-300x149.jpg 300w\" sizes=\"(max-width: 700px) 100vw, 700px\" \/><\/p>\n<p>Unterkirche von St. Raphael Lechelstra\u00dfe 52\/Ecke Waldhornstra\u00dfe<br \/>\nM\u00fcnchen-Hartmannshofen. S1 und U3 bis Bahnhof Moosach, dann Bus 162 bis Waldhornstra\u00dfe, diese nach S\u00fcden bis St. Raphael,<br \/>\nEingang zur Unter kirche an der Nordseite.<br \/>\n\u00d6ff nungszeiten:<br \/>\nsamstags, sonn- und feiertags von 15 bis 18 Uhr<br \/>\nEintritt frei.<\/p>\n<p><img loading=\"lazy\" class=\"alignnone size-full wp-image-3793\" style=\"clear: both;\" src=\"https:\/\/www.kulturforum-mwest.de\/1.0\/K\/wp-content\/uploads\/2018\/08\/180921-raph-kromer-1.jpg\" alt=\"\" width=\"559\" height=\"700\" srcset=\"https:\/\/kulturforum-mwest.de\/1.0\/K\/wp-content\/uploads\/2018\/08\/180921-raph-kromer-1.jpg 559w, https:\/\/kulturforum-mwest.de\/1.0\/K\/wp-content\/uploads\/2018\/08\/180921-raph-kromer-1-240x300.jpg 240w\" sizes=\"(max-width: 559px) 100vw, 559px\" \/><\/p>\n<p>Das Motto der Ausstellung ist Mensch und Landschaft, Bewegung und Balance, Farben und noch mehr Farben, Holz und Keramik, Papier und Leinwand, Einblicke und Ausblicke. \u201eIch arbeite mit unterschiedlichen Techniken, vor allem Holzschnitt und anderen Druckverfahren.<\/p>\n<p>Meine bildhauerischen Arbeiten gestalte ich mit der Kettens\u00e4ge. Auch besch\u00e4ftige ich mich mit Typographie und gestalte K\u00fcnstlerb\u00fccher\u201c, so Kromer. Die ausgebildeten Kunsttherapeutin und K\u00fcnstlerin weiter:<\/p>\n<p>\u201eSeit 1994 besch\u00e4ftige ich mich mit k\u00fcnstlerischen Techniken. Zu Beginn stand dabei die Malerei im Vordergrund. Durch die Ausbildung zur Kunsttherapeutin lernte ich nicht nur andere Techniken kennen, ich sp\u00fcrte auch die therapeutische Kraft die dem k\u00fcnstlerischen Schaffensprozess innewohnt. So unterschiedlich wie Gef\u00fchlszust\u00e4nde sind, ist meine Art der Umsetzung. Grafik oder Malerei, Arbeiten mit der Kettens\u00e4ge oder Keramik, Typgrafisches auf Bildern oder in kleinen B\u00fcchern. Mich faszinieren die grenzenlosen M\u00f6glichkeiten, die Kunst bietet.<\/p>\n<p>Im Laufe der Jahre habe ich mich intensiv mit verschiedensten Techniken auseinandergesetzt. Obwohl mir die Druckgrafik und besonders der Holzschnitt sehr am Herzen liegt, w\u00e4hle ich manchmal auch andere Techniken um ein Bild zu gestalten. Die Verbindung zwischen gemalten oder gedruckten Bildern und Typographie fasziniert mich sehr. Dabei ist f\u00fcr mich ein Zusammenspiel gelungen, wenn sich Bild und Text gegenseitig unterst\u00fctzen und st\u00e4rken. Die Texte werden von mir auf traditionelle Art mit beweglichen Blei- oder Holzlettern gesetzt. Ein ebenfalls wichtiger Grundstein meiner k\u00fcnstlerischen Arbeit ist die bildhauerische T\u00e4tigkeit. Dabei arbeite ich sehr gerne mit Holz.<\/p>\n<p>Die meisten meiner Skulpturen sind mit Hilfe einer Kettens\u00e4ge entstanden. Auch mit diesem schweren Werkzeug ist es m\u00f6glich kleine Skulpturen zu fertigen. Der Reiz liegt f\u00fcr mich darin, dass auch kleine, schmale und zarte Figuren, durch die Arbeit mit der Kettens\u00e4ge, eine wilde, fast archaische Oberfl\u00e4che und Ausstrahlung bekommen.<\/p>\n<p>Auch in meinen keramischen Arbeiten besch\u00e4ftigt mich die Verbindung mit Holz. Bewegung und der Ausdruck von K\u00f6rpern wird dabei durch das Holz unterst\u00fctzt und verst\u00e4rkt\u201c, wie Kromer ihre Arbeitsweise erkl\u00e4rt.<\/p>\n<p>Veranstalter: Kirche St. Raphael in<br \/>\nKooperation mit dem Kulturforum M\u00fcnchen-West e.V.<br \/>\nKurator: Michael Glatzel<\/p>\n<p><img loading=\"lazy\" class=\"alignnone size-full wp-image-3795\" src=\"https:\/\/www.kulturforum-mwest.de\/1.0\/K\/wp-content\/uploads\/2018\/08\/180921-raph-kromer-bild-innen.jpg\" alt=\"\" width=\"648\" height=\"700\" srcset=\"https:\/\/kulturforum-mwest.de\/1.0\/K\/wp-content\/uploads\/2018\/08\/180921-raph-kromer-bild-innen.jpg 648w, https:\/\/kulturforum-mwest.de\/1.0\/K\/wp-content\/uploads\/2018\/08\/180921-raph-kromer-bild-innen-278x300.jpg 278w\" sizes=\"(max-width: 648px) 100vw, 648px\" \/><\/p>\n<p>&nbsp;<\/p>\n<p>&nbsp;<\/p>\n<p>&nbsp;<\/p>\n","protected":false},"excerpt":{"rendered":"<p>20. September bis 7. Oktober 2018 Ausstellung\u00a0 EinBlicke von Gabi Kromer mit Holzschnitten und Skulpturen. Freitag, den 21. September 2018 um 19 Uhr war Vernissage, Kurator Michael Glatzel f\u00fchrte in die Arbeiten ein. Ort: die Unterkirche von St. Raphael, Eintritt frei<\/p>\n","protected":false},"author":1,"featured_media":0,"comment_status":"closed","ping_status":"closed","sticky":false,"template":"","format":"standard","meta":[],"categories":[44,3,32],"tags":[],"_links":{"self":[{"href":"https:\/\/kulturforum-mwest.de\/1.0\/K\/wp-json\/wp\/v2\/posts\/3791"}],"collection":[{"href":"https:\/\/kulturforum-mwest.de\/1.0\/K\/wp-json\/wp\/v2\/posts"}],"about":[{"href":"https:\/\/kulturforum-mwest.de\/1.0\/K\/wp-json\/wp\/v2\/types\/post"}],"author":[{"embeddable":true,"href":"https:\/\/kulturforum-mwest.de\/1.0\/K\/wp-json\/wp\/v2\/users\/1"}],"replies":[{"embeddable":true,"href":"https:\/\/kulturforum-mwest.de\/1.0\/K\/wp-json\/wp\/v2\/comments?post=3791"}],"version-history":[{"count":13,"href":"https:\/\/kulturforum-mwest.de\/1.0\/K\/wp-json\/wp\/v2\/posts\/3791\/revisions"}],"predecessor-version":[{"id":3834,"href":"https:\/\/kulturforum-mwest.de\/1.0\/K\/wp-json\/wp\/v2\/posts\/3791\/revisions\/3834"}],"wp:attachment":[{"href":"https:\/\/kulturforum-mwest.de\/1.0\/K\/wp-json\/wp\/v2\/media?parent=3791"}],"wp:term":[{"taxonomy":"category","embeddable":true,"href":"https:\/\/kulturforum-mwest.de\/1.0\/K\/wp-json\/wp\/v2\/categories?post=3791"},{"taxonomy":"post_tag","embeddable":true,"href":"https:\/\/kulturforum-mwest.de\/1.0\/K\/wp-json\/wp\/v2\/tags?post=3791"}],"curies":[{"name":"wp","href":"https:\/\/api.w.org\/{rel}","templated":true}]}}