{"id":3813,"date":"2018-09-19T08:37:49","date_gmt":"2018-09-19T08:37:49","guid":{"rendered":"https:\/\/www.kulturforum-mwest.de\/K\/?p=3813"},"modified":"2018-09-21T10:38:55","modified_gmt":"2018-09-21T10:38:55","slug":"180919-stammtisch-santos","status":"publish","type":"post","link":"https:\/\/kulturforum-mwest.de\/1.0\/K\/180919-stammtisch-santos\/","title":{"rendered":"Kultur-Stammtisch mit Gaby dos Santos"},"content":{"rendered":"<p><img loading=\"lazy\" class=\"size-full wp-image-281 alignleft\" src=\"https:\/\/www.kulturforum-mwest.de\/1.0\/K\/wp-content\/uploads\/2015\/02\/kufo-logo-K-120.jpg\" alt=\"\" width=\"120\" height=\"120\" \/>Mittwoch 19. September 2018 ab 19.30 Uhr treffen wir uns wieder zum <strong>Kulturstammtisch<\/strong>, im Hofbr\u00e4u Obermenzing, Verdistr. 125 (Ecke Grandlstr.). Special Gast ist Gaby dos Santos, Kulturmanagerin und Produzentin. Sie wird aus ihrem kulturellen Netzwerk berichten.<br \/>\nNicht nur Mitglieder sind beim Stammtisch herzlich willkommen, der Eintritt ist frei.<!--more--><\/p>\n<p style=\"clear: both;\"><img loading=\"lazy\" class=\"alignnone size-full wp-image-3815\" src=\"https:\/\/www.kulturforum-mwest.de\/1.0\/K\/wp-content\/uploads\/2018\/08\/180919-stammtisch-dos-santos-portr.jpg\" alt=\"\" width=\"444\" height=\"397\" srcset=\"https:\/\/kulturforum-mwest.de\/1.0\/K\/wp-content\/uploads\/2018\/08\/180919-stammtisch-dos-santos-portr.jpg 444w, https:\/\/kulturforum-mwest.de\/1.0\/K\/wp-content\/uploads\/2018\/08\/180919-stammtisch-dos-santos-portr-300x268.jpg 300w\" sizes=\"(max-width: 444px) 100vw, 444px\" \/><\/p>\n<p>Gaby dos Santos lie\u00df sich Anfang der 80er Jahre\u00a0 in M\u00fcnchen nieder und kn\u00fcpfte erste Kontakte in die K\u00fcnstlerszene. 1991 nahm sie bei der US-Fernsehgesellschaft Worldvision Enterprises Inc. die Repr\u00e4sentanz f\u00fcr die TV-Sender in Deutschland, Holland und Belgien an.<\/p>\n<p><span lang=\"zxx\">Gaby dos Santos, 1958 in Berlin geboren, zog 1961 nach Italien. Nach dem Abitur auf einer Europ\u00e4ischen Schule kam sie Anfang der 80er Jahre nach M\u00fcnchen, wo sie bald mit der K\u00fcnstlerszene in Kontakt kam. Nach der Geburt ihrer Tochter und einigen Jahren Arbeit bei unterschiedlichen Firmen, nahm sie 1991 bei einer US-Fernsehgesellschaft die Repr\u00e4sentanz f\u00fcr die TV-Sender in Deutschland, Holland und Belgien an. In Rio de Janeiro heiratete sie den Musiker Edir dos Santos.<\/span><\/p>\n<p><span lang=\"zxx\">Parallel zu ihrem TV-Job wurde sie 1994 in der M\u00fcnchner Kulturszene mit PR und Veranstaltungen aktiv und \u00fcbernahm 1999 diese beiden Ressorts im damaligen Prominenten\u2013Lokal Nachtcaf\u00e9. Hier begegneten sich \u201eKultur\u2013Establishment und freie K\u00fcnstlerszene, hochqualifizierte Professionals und genialer Wildwuchs\u201c. Und hier gr\u00fcndete sie die bis heute aktive <a>Kulturplattform jourfixe\u2013muenchen,<\/a> als Kulturforum und Szenetreff. Diese kreative Umgebung diente Gaby dos Santos in Folge als Grundlage f\u00fcr ihr <a>Collagen\u2013Konzept,<\/a> nach dem sie bis heute produziert; seit 2004 gemeinsam mit dem Musiker\/Komponisten <a>Jon Michael Winkler.<\/a> Nach der Schlie\u00dfung des Nachtcafe ist seit 2003 das <a>Artist Studio<\/a> im M\u00fcnchner K\u00fcnstlerhaus ein enger Kooperationspartner. <\/span>Heute betreut Gaby dos Santos Projekte im Bereich PR\u2013 und Kulturmanagement f\u00fcr <i>jourfixe<\/i>\u2013Mitglieder. Sie berichtet in ihrem <a>jourfixe\u2013Blog<\/a> aus dem M\u00fcnchner Kunst\u2013 und Kulturleben. In den letzten Jahren r\u00fcckte die Produktion <a>eigener B\u00fchnenshows<\/a> vorwiegend zu historischen und zeitgeschichtlichen Themen in den Vordergrund (&#8222;Historicals&#8220;).<\/p>\n<p>Im Laufe der Jahre hat Gaby dos Santos Kontakte zu vielen M\u00fcnchner K\u00fcnstlerInnen aufgebaut. Diese Verbundenheit zu M\u00fcnchen und seinen K\u00fcnstlerInnen zeigt sich in vielen ihrer Veranstaltungen bzw. Produktionen, in denen sie M\u00fcnchner Themen und K\u00fcnstlerbiographien in den Mittelpunkt stellt.<\/p>\n<p>Einer ihrer Schwerpunkte liegt auf der Produktion eigener Collagen, die sie auch ma\u00dfgeschneidert f\u00fcr Festivals, Jubil\u00e4en etc. entwickelt wie z. B. 2014 die <i>jourfixe<\/i>\u2013Produktion <a>&#8222;Mit Gott im Ersten Weltkrieg&#8220;<\/a> f\u00fcr einen Gedenkgottesdienst der Erzdi\u00f6se M\u00fcnchen\u2013Freising und einer Tagung an der Evangelischen Akademie in Tutzing, zum Kriegsausbruch vor 100 Jahren.<\/p>\n<p><span lang=\"zxx\">F\u00fcr diese Collagen hat sie ein spezielles B\u00fchnenkonzept entwickelt, das Live\u2013Darbietungen mit multimedialer Vielfalt und dem Einsatz von Musik verbindet. \u201eDadurch entsteht eine atmosph\u00e4rischen Dichte, innerhalb welcher sich k\u00fcnstlerischer Anspruch und Unterhaltung, Informationen und Emotionen kongenial erg\u00e4nzen\u201c, so Gaby dos Santos. <\/span><\/p>\n<p>&nbsp;<\/p>\n<p>&nbsp;<\/p>\n<p>&nbsp;<\/p>\n","protected":false},"excerpt":{"rendered":"<p>Mittwoch 19. September 2018 ab 19.30 Uhr treffen wir uns wieder zum Kulturstammtisch, im Hofbr\u00e4u Obermenzing, Verdistr. 125 (Ecke Grandlstr.). Special Gast ist Gaby dos Santos, Kulturmanagerin und Produzentin. Sie wird aus ihrem kulturellen Netzwerk berichten. Nicht nur Mitglieder sind beim Stammtisch herzlich willkommen, der Eintritt ist frei.<\/p>\n","protected":false},"author":1,"featured_media":0,"comment_status":"closed","ping_status":"closed","sticky":false,"template":"","format":"standard","meta":[],"categories":[44,17,26],"tags":[],"_links":{"self":[{"href":"https:\/\/kulturforum-mwest.de\/1.0\/K\/wp-json\/wp\/v2\/posts\/3813"}],"collection":[{"href":"https:\/\/kulturforum-mwest.de\/1.0\/K\/wp-json\/wp\/v2\/posts"}],"about":[{"href":"https:\/\/kulturforum-mwest.de\/1.0\/K\/wp-json\/wp\/v2\/types\/post"}],"author":[{"embeddable":true,"href":"https:\/\/kulturforum-mwest.de\/1.0\/K\/wp-json\/wp\/v2\/users\/1"}],"replies":[{"embeddable":true,"href":"https:\/\/kulturforum-mwest.de\/1.0\/K\/wp-json\/wp\/v2\/comments?post=3813"}],"version-history":[{"count":9,"href":"https:\/\/kulturforum-mwest.de\/1.0\/K\/wp-json\/wp\/v2\/posts\/3813\/revisions"}],"predecessor-version":[{"id":3817,"href":"https:\/\/kulturforum-mwest.de\/1.0\/K\/wp-json\/wp\/v2\/posts\/3813\/revisions\/3817"}],"wp:attachment":[{"href":"https:\/\/kulturforum-mwest.de\/1.0\/K\/wp-json\/wp\/v2\/media?parent=3813"}],"wp:term":[{"taxonomy":"category","embeddable":true,"href":"https:\/\/kulturforum-mwest.de\/1.0\/K\/wp-json\/wp\/v2\/categories?post=3813"},{"taxonomy":"post_tag","embeddable":true,"href":"https:\/\/kulturforum-mwest.de\/1.0\/K\/wp-json\/wp\/v2\/tags?post=3813"}],"curies":[{"name":"wp","href":"https:\/\/api.w.org\/{rel}","templated":true}]}}