{"id":3861,"date":"2018-10-04T10:13:28","date_gmt":"2018-10-04T10:13:28","guid":{"rendered":"https:\/\/www.kulturforum-mwest.de\/K\/?p=3861"},"modified":"2018-10-05T08:52:37","modified_gmt":"2018-10-05T08:52:37","slug":"181004-bogenhausen","status":"publish","type":"post","link":"https:\/\/kulturforum-mwest.de\/1.0\/K\/181004-bogenhausen\/","title":{"rendered":"Friedhof Bogenhausen"},"content":{"rendered":"<p><img loading=\"lazy\" class=\"size-full wp-image-3862 alignleft\" src=\"https:\/\/www.kulturforum-mwest.de\/1.0\/K\/wp-content\/uploads\/2018\/08\/181004-bogenhausen-120.jpg\" alt=\"\" width=\"120\" height=\"120\" \/>Donnerstag, 4. Oktober um 15:00 Uhr F\u00fchrung in Bogenhausen mit der Kunsthistorikerin Eva Lutz. Die F\u00fchrung zu Ber\u00fchmtheiten auf dem Bogenhausener Friedhof und in der Monacensia, dem Hildebrandhaus, dauert ca. 120 Minuten und kostet 8 Euro (5 Euro erm\u00e4\u00dfigt f\u00fcr Mitglieder des Kulturforums M\u00fcnchen-West). Verbindliche Anmeldungen erbeten beim Kulturforum M\u00fcnchen-West e.V.: \u00a0<u><a href=\"mailto:kulturforum.muenchen-west@web.de\">kulturforum.muenchen-west@web.de<\/a><\/u>.<\/p>\n<p><!--more--><\/p>\n<p>Treffpunkt ist am Eingang zum Bogenhauser Friedhof von St. Georg, Bogenhauser Kirchplatz 1\/Neuberghauserstra\u00dfe (erreichbar u.a. ab Hauptbahnhof mit dem Bus Linie 58\/ Haltestelle Mauerkircherstra\u00dfe)<\/p>\n<h2>Ber\u00fchmtheiten auf dem Bogenhauser Friedhof und<br \/>\nihre Spuren in der Monacensia<\/h2>\n<p>Als Ende des 19. Jahrhunderts im heutigen alten Bogenhausen ein neues Villenviertel entstand, entschloss sich Adolf von Hildebrand zwischen 1895 und 1898 dort f\u00fcr seine bildhauerische Arbeit und f\u00fcr seine Familie ein Atelier- und Wohnhaus zu errichten, das seit den 1970er Jahren die Monacensia beherbergt &#8211; das Literaturarchiv der Stadt M\u00fcnchen, die M\u00fcnchen-Bibliothek und die M\u00fcnchner Autoren- und Autorinnen- Bibliothek mit einer eigenen Bibliothek zur Familie Mann. Zwischen 2011 und Dezember 2016 fand eine Generalsanierung und Neukonzeption des Hauses unter strenger Ber\u00fccksichtigung des Originalzustands statt.<\/p>\n<p><img loading=\"lazy\" class=\"alignnone size-full wp-image-3863\" src=\"https:\/\/www.kulturforum-mwest.de\/1.0\/K\/wp-content\/uploads\/2018\/08\/181004-bogenhausen-monacensia.jpg\" alt=\"\" width=\"700\" height=\"525\" srcset=\"https:\/\/kulturforum-mwest.de\/1.0\/K\/wp-content\/uploads\/2018\/08\/181004-bogenhausen-monacensia.jpg 700w, https:\/\/kulturforum-mwest.de\/1.0\/K\/wp-content\/uploads\/2018\/08\/181004-bogenhausen-monacensia-300x225.jpg 300w\" sizes=\"(max-width: 700px) 100vw, 700px\" \/><\/p>\n<p>Bevor wir die bewegte Geschichte des Hauses und seine aktuelle Nutzung kennenlernen, machen wir Station auf dem Bogenhauser Friedhof und besuchen die Ruhest\u00e4tten der Pers\u00f6nlichkeiten, auf die wir in der Monacensia in Form ihrer Nachl\u00e4sse, ihrer Werke oder in Form von Werken \u00fcber sie treffen. Zu den Literatinnen und Literaten z\u00e4hlen u.a. Annette Kolb, Oskar Maria Graf, Peter de Mendelssohn, Wilhelm Hausenstein, Erich K\u00e4stner, Wilhelm Diess oder auch die Schauspielerin und Kabarettistin Liesl Karlstadt. Vom Friedhof gehen wir zu Fu\u00df zum Hildebrandhaus.<\/p>\n<p><img loading=\"lazy\" class=\"alignnone size-full wp-image-3864\" src=\"https:\/\/www.kulturforum-mwest.de\/1.0\/K\/wp-content\/uploads\/2018\/08\/181004-bogenhausen-friedhof.jpg\" alt=\"\" width=\"525\" height=\"700\" srcset=\"https:\/\/kulturforum-mwest.de\/1.0\/K\/wp-content\/uploads\/2018\/08\/181004-bogenhausen-friedhof.jpg 525w, https:\/\/kulturforum-mwest.de\/1.0\/K\/wp-content\/uploads\/2018\/08\/181004-bogenhausen-friedhof-225x300.jpg 225w\" sizes=\"(max-width: 525px) 100vw, 525px\" \/><\/p>\n<p>&nbsp;<\/p>\n<p>&nbsp;<\/p>\n<p>&nbsp;<\/p>\n<p>&nbsp;<\/p>\n","protected":false},"excerpt":{"rendered":"<p>Donnerstag, 4. Oktober um 15:00 Uhr F\u00fchrung in Bogenhausen mit der Kunsthistorikerin Eva Lutz. Die F\u00fchrung zu Ber\u00fchmtheiten auf dem Bogenhausener Friedhof und in der Monacensia, dem Hildebrandhaus, dauert ca. 120 Minuten und kostet 8 Euro (5 Euro erm\u00e4\u00dfigt f\u00fcr Mitglieder des Kulturforums M\u00fcnchen-West). Verbindliche Anmeldungen erbeten beim Kulturforum M\u00fcnchen-West e.V.: \u00a0kulturforum.muenchen-west@web.de.<\/p>\n","protected":false},"author":1,"featured_media":0,"comment_status":"closed","ping_status":"closed","sticky":false,"template":"","format":"standard","meta":[],"categories":[44,10,37,4],"tags":[],"_links":{"self":[{"href":"https:\/\/kulturforum-mwest.de\/1.0\/K\/wp-json\/wp\/v2\/posts\/3861"}],"collection":[{"href":"https:\/\/kulturforum-mwest.de\/1.0\/K\/wp-json\/wp\/v2\/posts"}],"about":[{"href":"https:\/\/kulturforum-mwest.de\/1.0\/K\/wp-json\/wp\/v2\/types\/post"}],"author":[{"embeddable":true,"href":"https:\/\/kulturforum-mwest.de\/1.0\/K\/wp-json\/wp\/v2\/users\/1"}],"replies":[{"embeddable":true,"href":"https:\/\/kulturforum-mwest.de\/1.0\/K\/wp-json\/wp\/v2\/comments?post=3861"}],"version-history":[{"count":1,"href":"https:\/\/kulturforum-mwest.de\/1.0\/K\/wp-json\/wp\/v2\/posts\/3861\/revisions"}],"predecessor-version":[{"id":3865,"href":"https:\/\/kulturforum-mwest.de\/1.0\/K\/wp-json\/wp\/v2\/posts\/3861\/revisions\/3865"}],"wp:attachment":[{"href":"https:\/\/kulturforum-mwest.de\/1.0\/K\/wp-json\/wp\/v2\/media?parent=3861"}],"wp:term":[{"taxonomy":"category","embeddable":true,"href":"https:\/\/kulturforum-mwest.de\/1.0\/K\/wp-json\/wp\/v2\/categories?post=3861"},{"taxonomy":"post_tag","embeddable":true,"href":"https:\/\/kulturforum-mwest.de\/1.0\/K\/wp-json\/wp\/v2\/tags?post=3861"}],"curies":[{"name":"wp","href":"https:\/\/api.w.org\/{rel}","templated":true}]}}