{"id":3930,"date":"2018-10-11T11:39:00","date_gmt":"2018-10-11T11:39:00","guid":{"rendered":"https:\/\/www.kulturforum-mwest.de\/K\/?p=3930"},"modified":"2018-10-16T21:10:40","modified_gmt":"2018-10-16T21:10:40","slug":"181011-bornkamm-1","status":"publish","type":"post","link":"https:\/\/kulturforum-mwest.de\/1.0\/K\/181011-bornkamm-1\/","title":{"rendered":"Kleine Geschichte der Krebsforschung Teil 1"},"content":{"rendered":"<p><img loading=\"lazy\" class=\"size-full wp-image-3932 alignleft\" src=\"https:\/\/www.kulturforum-mwest.de\/1.0\/K\/wp-content\/uploads\/2018\/09\/181011-Bornkamm-120.jpg\" alt=\"\" width=\"120\" height=\"120\" \/>Donnerstag, 11. Oktober 2018 um 19.30 spricht Professor Georg W. Bornkamm \u00fcber das Thema \u201eTumorviren und Klinische Genetik als Eintrittspforten in das Labyrinth der Krebszelle\u201c, im Ebenb\u00f6ckhaus, Ebenb\u00f6ckstra\u00dfe 11. Eintritt 8 \u20ac, f\u00fcr Mitglieder 5 \u20ac. Anmeldung erforderlich unter <a href=\"mailto:kulturforum.muenchen-west@web.de\"> kulturforum.muenchen-west@web.de<\/a>\u00a0<!--more--><\/p>\n<p>\u201eUnter dem Namen Krebs verbergen sich viele verschiedene Krankheiten mit einigen gemeinsamen Merkmalen. Krebs ist nicht eine Krankheit der Neuzeit, sondern hat es immer gegeben. Die Zunahme der Krebsf\u00e4lle geht in erster Linie auf die steigende Lebenserwartung zur\u00fcck. Sowohl Umwelt- als auch genetische Faktoren beg\u00fcnstigen das Auftreten von Krebs. In der ersten H\u00e4lfte des 20. Jahrhunderts untersuchte die experimentelle Krebsforschung chemische Substanzen und radioaktive Strahlung als Krebsursachen. Der Durchbruch kam dann Jahre sp\u00e4ter mit der R\u00fcckbesinnung auf urspr\u00fcnglich kaum wahrgenommene, weitgehend vergessene Befunde. Die rasante Entwicklung der Molekularbiologie nach dem zweiten Weltkrieg ebnete der Tumorvirologie den Weg\u201c, so Professor Georg W. Bornkamm, ehemaliger Leiter des Instituts f\u00fcr Klinische Molekularbiologie und Tumorgenetik am Helmholtz Zentrum M\u00fcnchen. Er hat sein Studium der Medizin in Heidelberg, Kiel und M\u00fcnchen absolviert und wurde in Erlangen habilitiert. Das Karolinska Institut in Stockholm und die Universit\u00e4t Freiburg waren weitere Stationen seiner beruflichen T\u00e4tigkeit.<\/p>\n<p><img loading=\"lazy\" class=\"alignnone size-full wp-image-3933\" src=\"https:\/\/www.kulturforum-mwest.de\/1.0\/K\/wp-content\/uploads\/2018\/09\/181011-Bornkamm-1.jpg\" alt=\"\" width=\"700\" height=\"465\" srcset=\"https:\/\/kulturforum-mwest.de\/1.0\/K\/wp-content\/uploads\/2018\/09\/181011-Bornkamm-1.jpg 700w, https:\/\/kulturforum-mwest.de\/1.0\/K\/wp-content\/uploads\/2018\/09\/181011-Bornkamm-1-300x199.jpg 300w\" sizes=\"(max-width: 700px) 100vw, 700px\" \/><\/p>\n<p>Der Eintritt kostet 5 Euro f\u00fcr Mitglieder im Kulturforum M\u00fcnchen-West und 8 Euro f\u00fcr Nichtmitglieder. Eine verbindliche Anmeldung unter kulturforum.muenchen-west@web.de ist wegen begrenzter Pl\u00e4tze unbedingt erforderlich.<\/p>\n<p>&nbsp;<\/p>\n<p>&nbsp;<\/p>\n<p>&nbsp;<\/p>\n<p>&nbsp;<\/p>\n<p>&nbsp;<\/p>\n","protected":false},"excerpt":{"rendered":"<p>Donnerstag, 11. Oktober 2018 um 19.30 spricht Professor Georg W. Bornkamm \u00fcber das Thema \u201eTumorviren und Klinische Genetik als Eintrittspforten in das Labyrinth der Krebszelle\u201c, im Ebenb\u00f6ckhaus, Ebenb\u00f6ckstra\u00dfe 11. Eintritt 8 \u20ac, f\u00fcr Mitglieder 5 \u20ac. Anmeldung erforderlich unter kulturforum.muenchen-west@web.de\u00a0<\/p>\n","protected":false},"author":1,"featured_media":0,"comment_status":"closed","ping_status":"closed","sticky":false,"template":"","format":"standard","meta":[],"categories":[44,12,29,24],"tags":[],"_links":{"self":[{"href":"https:\/\/kulturforum-mwest.de\/1.0\/K\/wp-json\/wp\/v2\/posts\/3930"}],"collection":[{"href":"https:\/\/kulturforum-mwest.de\/1.0\/K\/wp-json\/wp\/v2\/posts"}],"about":[{"href":"https:\/\/kulturforum-mwest.de\/1.0\/K\/wp-json\/wp\/v2\/types\/post"}],"author":[{"embeddable":true,"href":"https:\/\/kulturforum-mwest.de\/1.0\/K\/wp-json\/wp\/v2\/users\/1"}],"replies":[{"embeddable":true,"href":"https:\/\/kulturforum-mwest.de\/1.0\/K\/wp-json\/wp\/v2\/comments?post=3930"}],"version-history":[{"count":1,"href":"https:\/\/kulturforum-mwest.de\/1.0\/K\/wp-json\/wp\/v2\/posts\/3930\/revisions"}],"predecessor-version":[{"id":3935,"href":"https:\/\/kulturforum-mwest.de\/1.0\/K\/wp-json\/wp\/v2\/posts\/3930\/revisions\/3935"}],"wp:attachment":[{"href":"https:\/\/kulturforum-mwest.de\/1.0\/K\/wp-json\/wp\/v2\/media?parent=3930"}],"wp:term":[{"taxonomy":"category","embeddable":true,"href":"https:\/\/kulturforum-mwest.de\/1.0\/K\/wp-json\/wp\/v2\/categories?post=3930"},{"taxonomy":"post_tag","embeddable":true,"href":"https:\/\/kulturforum-mwest.de\/1.0\/K\/wp-json\/wp\/v2\/tags?post=3930"}],"curies":[{"name":"wp","href":"https:\/\/api.w.org\/{rel}","templated":true}]}}