{"id":3975,"date":"2018-11-16T22:02:33","date_gmt":"2018-11-16T22:02:33","guid":{"rendered":"https:\/\/www.kulturforum-mwest.de\/K\/?p=3975"},"modified":"2018-12-02T18:35:36","modified_gmt":"2018-12-02T18:35:36","slug":"181116-st-raphael-schicht","status":"publish","type":"post","link":"https:\/\/kulturforum-mwest.de\/1.0\/K\/181116-st-raphael-schicht\/","title":{"rendered":"St. Raphael: Schicht um Schicht"},"content":{"rendered":"<p><img loading=\"lazy\" class=\"size-full wp-image-4012 alignleft\" src=\"https:\/\/www.kulturforum-mwest.de\/1.0\/K\/wp-content\/uploads\/2018\/09\/181116-raph-uehlein-02-120.jpg\" alt=\"\" width=\"120\" height=\"120\" \/>Freitag, 16. November;\u00a0 \u201e<strong>Schicht um Schicht\u201c- <\/strong>Kunstausstellung in der Unterkirche von St. Raphael mit Arbeiten von Andrea Unterstra\u00dfer und Thalia Uehlein. Vernissage ist am um 19 Uhr, die Ausstellung dauert bis zum 2. Dezember. Die Einf\u00fchrung h\u00e4lt Dr. Brigitte Kaiser, freie Kuratorin. Die Sopranistin Diana Schmid und der Countertenor Felix Uehlein begleiten die Vernissage mit musikalischen Beitr\u00e4gen. <!--more--><\/p>\n<figure id=\"attachment_4013\" aria-describedby=\"caption-attachment-4013\" style=\"width: 700px\" class=\"wp-caption alignnone\"><img loading=\"lazy\" class=\"wp-image-4013 size-full\" src=\"https:\/\/www.kulturforum-mwest.de\/1.0\/K\/wp-content\/uploads\/2018\/09\/181116-raph-uehlein-02.jpg\" alt=\"\" width=\"700\" height=\"708\" srcset=\"https:\/\/kulturforum-mwest.de\/1.0\/K\/wp-content\/uploads\/2018\/09\/181116-raph-uehlein-02.jpg 700w, https:\/\/kulturforum-mwest.de\/1.0\/K\/wp-content\/uploads\/2018\/09\/181116-raph-uehlein-02-120x120.jpg 120w, https:\/\/kulturforum-mwest.de\/1.0\/K\/wp-content\/uploads\/2018\/09\/181116-raph-uehlein-02-297x300.jpg 297w\" sizes=\"(max-width: 700px) 100vw, 700px\" \/><figcaption id=\"caption-attachment-4013\" class=\"wp-caption-text\">Thalia Uehlein<\/figcaption><\/figure>\n<p>Thalia Uehlein, Malerei<br \/>\nwww.thaliauehlein.de<\/p>\n<p>Dort wo Leben ist, ist Licht. Und alles was lebt, braucht und emittiert Licht.<br \/>\nThalia Uehlein malt das Licht einerseits thematisch, indem viele \u00fcbereinandergelegte d\u00fcnne Schichten R\u00e4ume entstehen lassen, in denen sich klares Licht und Nebel,<br \/>\nHelligkeit und Dunkelheit, Transparenz und Dichte begegnen.<br \/>\nAndererseits malt sie das Licht auch technisch: Es gibt Pigmente, deren Molek\u00fcle aussehen wie geschliff enen Diamanten, die glatte refl ektierende Facetten besitzen und das Licht streuen und somit das Bild leuchten und schimmern lassen.<\/p>\n<figure id=\"attachment_4014\" aria-describedby=\"caption-attachment-4014\" style=\"width: 700px\" class=\"wp-caption alignnone\"><img loading=\"lazy\" class=\"wp-image-4014 size-full\" src=\"https:\/\/www.kulturforum-mwest.de\/1.0\/K\/wp-content\/uploads\/2018\/09\/181115-raph-chilldrawingred1.jpg\" alt=\"\" width=\"700\" height=\"706\" srcset=\"https:\/\/kulturforum-mwest.de\/1.0\/K\/wp-content\/uploads\/2018\/09\/181115-raph-chilldrawingred1.jpg 700w, https:\/\/kulturforum-mwest.de\/1.0\/K\/wp-content\/uploads\/2018\/09\/181115-raph-chilldrawingred1-120x120.jpg 120w, https:\/\/kulturforum-mwest.de\/1.0\/K\/wp-content\/uploads\/2018\/09\/181115-raph-chilldrawingred1-297x300.jpg 297w\" sizes=\"(max-width: 700px) 100vw, 700px\" \/><figcaption id=\"caption-attachment-4014\" class=\"wp-caption-text\">Andrea Unterstrasser, chill drawing 4,2017. Zeichnung 3 D, Papiergarn, Papier, Objektrahmen, 23 x 23 cm<\/figcaption><\/figure>\n<p>Andrea Unterstra\u00dfer, Zeichnung, Objekt<br \/>\nwww.unterstrasser.com<\/p>\n<p>Material und Mittel treten auf eine andere ungewohnte Ebene. Linien werden in den Raum gestrickt oder Arbeiten erst durch den Betrachter bzw. Mitwirkenden zu ihrer Vollendung gebracht. Manchmal tr\u00e4gt dieser tats\u00e4chlich etwas mit seinen eigenen H\u00e4nden bei, manchmal wird lediglich etwas weitergedacht. Die \u00e4sthetisch angelegten Arbeiten sind leicht zu entschl\u00fcsseln, aber f\u00fchren vielschichtig in unterschiedliche emotionale Ebenen.<\/p>\n<p>Unterkirche von St. Raphael Lechelstra\u00dfe 52\/Ecke Waldhornstra\u00dfe<br \/>\nM\u00fcnchen-Hartmannshofen. S1 und U3 bis Bahnhof Moosach, dann Bus 162 bis Waldhornstra\u00dfe, diese nach S\u00fcden bis St. Raphael,<br \/>\nEingang zur Unter kirche an der Nordseite.<br \/>\n\u00d6ff nungszeiten:<br \/>\nsamstags, sonn- und feiertags von 15 bis 18 Uhr<br \/>\nEintritt frei.<\/p>\n<p>Veranstalter ist die Kirche St. Raphael in Kooperation mit dem Kulturforum M\u00fcnchen-West.<\/p>\n<figure id=\"attachment_4016\" aria-describedby=\"caption-attachment-4016\" style=\"width: 525px\" class=\"wp-caption alignnone\"><img loading=\"lazy\" class=\"wp-image-4016 size-full\" src=\"https:\/\/www.kulturforum-mwest.de\/1.0\/K\/wp-content\/uploads\/2018\/09\/181115-raph-kelly4.jpg\" alt=\"\" width=\"525\" height=\"700\" srcset=\"https:\/\/kulturforum-mwest.de\/1.0\/K\/wp-content\/uploads\/2018\/09\/181115-raph-kelly4.jpg 525w, https:\/\/kulturforum-mwest.de\/1.0\/K\/wp-content\/uploads\/2018\/09\/181115-raph-kelly4-225x300.jpg 225w\" sizes=\"(max-width: 525px) 100vw, 525px\" \/><figcaption id=\"caption-attachment-4016\" class=\"wp-caption-text\">Andrea Unterstrasser, Kellyblume, 2016, Objekt Papiergarn, Draht, 60 x 40 x 38 cm<\/figcaption><\/figure>\n<figure id=\"attachment_4015\" aria-describedby=\"caption-attachment-4015\" style=\"width: 700px\" class=\"wp-caption alignnone\"><img loading=\"lazy\" class=\"wp-image-4015 size-full\" src=\"https:\/\/www.kulturforum-mwest.de\/1.0\/K\/wp-content\/uploads\/2018\/09\/181115-raph-cubus.jpg\" alt=\"\" width=\"700\" height=\"700\" srcset=\"https:\/\/kulturforum-mwest.de\/1.0\/K\/wp-content\/uploads\/2018\/09\/181115-raph-cubus.jpg 700w, https:\/\/kulturforum-mwest.de\/1.0\/K\/wp-content\/uploads\/2018\/09\/181115-raph-cubus-120x120.jpg 120w, https:\/\/kulturforum-mwest.de\/1.0\/K\/wp-content\/uploads\/2018\/09\/181115-raph-cubus-300x300.jpg 300w\" sizes=\"(max-width: 700px) 100vw, 700px\" \/><figcaption id=\"caption-attachment-4015\" class=\"wp-caption-text\">Andrea Unterstrasser, cubus, 2017, Objekt Papiergarn, Holz, 30 x 40 x 10 cm<\/figcaption><\/figure>\n<figure id=\"attachment_4045\" aria-describedby=\"caption-attachment-4045\" style=\"width: 512px\" class=\"wp-caption alignnone\"><img loading=\"lazy\" class=\"wp-image-4045 size-full\" src=\"https:\/\/www.kulturforum-mwest.de\/1.0\/K\/wp-content\/uploads\/2018\/09\/181115-raph-Habemus-Papam-1.jpg\" alt=\"\" width=\"512\" height=\"700\" srcset=\"https:\/\/kulturforum-mwest.de\/1.0\/K\/wp-content\/uploads\/2018\/09\/181115-raph-Habemus-Papam-1.jpg 512w, https:\/\/kulturforum-mwest.de\/1.0\/K\/wp-content\/uploads\/2018\/09\/181115-raph-Habemus-Papam-1-219x300.jpg 219w\" sizes=\"(max-width: 512px) 100vw, 512px\" \/><figcaption id=\"caption-attachment-4045\" class=\"wp-caption-text\">Talia Uehlein, Habemus Papam<\/figcaption><\/figure>\n<p>&nbsp;<\/p>\n<p>&nbsp;<\/p>\n<p>&nbsp;<\/p>\n<p>&nbsp;<\/p>\n<p>&nbsp;<\/p>\n<p>&nbsp;<\/p>\n","protected":false},"excerpt":{"rendered":"<p>Freitag, 16. November;\u00a0 \u201eSchicht um Schicht\u201c- Kunstausstellung in der Unterkirche von St. Raphael mit Arbeiten von Andrea Unterstra\u00dfer und Thalia Uehlein. Vernissage ist am um 19 Uhr, die Ausstellung dauert bis zum 2. Dezember. Die Einf\u00fchrung h\u00e4lt Dr. Brigitte Kaiser, freie Kuratorin. Die Sopranistin Diana Schmid und der Countertenor Felix Uehlein begleiten die Vernissage mit &hellip; <a href=\"https:\/\/kulturforum-mwest.de\/1.0\/K\/181116-st-raphael-schicht\/\" class=\"more-link\"><span class=\"screen-reader-text\">St. Raphael: Schicht um Schicht<\/span> weiterlesen <span class=\"meta-nav\">&rarr;<\/span><\/a><\/p>\n","protected":false},"author":1,"featured_media":0,"comment_status":"closed","ping_status":"closed","sticky":false,"template":"","format":"standard","meta":[],"categories":[44,3,1,32],"tags":[],"_links":{"self":[{"href":"https:\/\/kulturforum-mwest.de\/1.0\/K\/wp-json\/wp\/v2\/posts\/3975"}],"collection":[{"href":"https:\/\/kulturforum-mwest.de\/1.0\/K\/wp-json\/wp\/v2\/posts"}],"about":[{"href":"https:\/\/kulturforum-mwest.de\/1.0\/K\/wp-json\/wp\/v2\/types\/post"}],"author":[{"embeddable":true,"href":"https:\/\/kulturforum-mwest.de\/1.0\/K\/wp-json\/wp\/v2\/users\/1"}],"replies":[{"embeddable":true,"href":"https:\/\/kulturforum-mwest.de\/1.0\/K\/wp-json\/wp\/v2\/comments?post=3975"}],"version-history":[{"count":5,"href":"https:\/\/kulturforum-mwest.de\/1.0\/K\/wp-json\/wp\/v2\/posts\/3975\/revisions"}],"predecessor-version":[{"id":4047,"href":"https:\/\/kulturforum-mwest.de\/1.0\/K\/wp-json\/wp\/v2\/posts\/3975\/revisions\/4047"}],"wp:attachment":[{"href":"https:\/\/kulturforum-mwest.de\/1.0\/K\/wp-json\/wp\/v2\/media?parent=3975"}],"wp:term":[{"taxonomy":"category","embeddable":true,"href":"https:\/\/kulturforum-mwest.de\/1.0\/K\/wp-json\/wp\/v2\/categories?post=3975"},{"taxonomy":"post_tag","embeddable":true,"href":"https:\/\/kulturforum-mwest.de\/1.0\/K\/wp-json\/wp\/v2\/tags?post=3975"}],"curies":[{"name":"wp","href":"https:\/\/api.w.org\/{rel}","templated":true}]}}