{"id":3977,"date":"2018-11-18T22:13:13","date_gmt":"2018-11-18T22:13:13","guid":{"rendered":"https:\/\/www.kulturforum-mwest.de\/K\/?p=3977"},"modified":"2020-11-27T18:22:00","modified_gmt":"2020-11-27T18:22:00","slug":"181118-gedenken-pasing","status":"publish","type":"post","link":"https:\/\/kulturforum-mwest.de\/1.0\/K\/181118-gedenken-pasing\/","title":{"rendered":"Gedenken am Leeren Stuhl in Pasing"},"content":{"rendered":"<p style=\"line-height: 150%;\"><b><span style=\"font-family: 'Arial',sans-serif; color: black;\"><img loading=\"lazy\" class=\"size-full wp-image-115 alignleft\" src=\"https:\/\/www.kulturforum-mwest.de\/1.0\/K\/wp-content\/uploads\/2015\/01\/leererStuhl-120x120.jpg\" alt=\"\" width=\"120\" height=\"120\" \/>Sonntag, 18. November<\/span><\/b><span style=\"font-family: 'Arial',sans-serif; color: black;\"> 12 Uhr<\/span><span style=\"font-family: 'Arial',sans-serif; color: black;\">: Erinnerung lebendig halten: 80 Jahre Novemberpogrom, 77 Jahre Todeszug nach Kaunas &#8211; Gedenken am \u201e<a href=\"https:\/\/www.kulturforum-mwest.de\/K\/150127-leerer-stuhl-eingeweiht\/\">Gebeugten leeren Stuhl in Pasing<\/a>\u201c am Pasinger Rathaus\/Eingang B\u00fcrgerb\u00fcro, mit musikalischer Begleitung durch die Klarinettistin Miriam Heim.<\/span><\/p>\n<p style=\"line-height: 150%;\"><!--more--><\/p>\n<p>Der Volkstrauertag am <strong>18. November<\/strong> wird in Pasing durch mehrere Gedenkakte begangen. Der BA 21 gedenkt um 11 Uhr am Todesmarschdenkmal am Irmonherplatz durch Worte seines Vorsitzenden Romanus Scholz der Opfer von Krieg und Verfolgung. Die Kranzniederlegung wird musikalisch begleitet. Im Anschluss daran <strong>um 12 Uhr<\/strong> folgt ein Gedenkakt bei der Skulptur \u201eGebeugter leerer Stuhl\u201c am Pasinger Rathaus, an dem der BA-Vorsitzende auch teilnimmt. \u201eDiese Feierlichkeiten sollen bewusst einen Gegenpol f\u00fcr die herk\u00f6mmlichen Veranstaltungen am Kriegerdenkmal setzen und sie erg\u00e4nzen\u201c, so Klaus Herber, Vorsitzender des Kulturforums M\u00fcnchen-West, das den Gedenkakt veranstaltet. \u201eEs gibt zwei Gedenktermine, an die wir heute erinnern wollen. Vor 80 Jahren fand am 9. November 1938 die Reichspogromnacht statt, \u00fcber 1.000 Juden aus M\u00fcnchen wurden in \u201eSchutzhaft\u201c genommen und im KZ Dachau \u00fcber Wochen und Monate festgehalten. Auch Menschen aus Pasing waren darunter, die dort zu Tode gekommen sind. Wir wollen aber auch des Todeszugs gedenken, der am Morgen des 20. November 1941, also vor 77 Jahren, aus M\u00fcnchen in Richtung Kaunas, Litauen, fuhr mit Endziel Erschie\u00dfung der j\u00fcdischen Insassen. Einige Opfer kamen auch aus Pasing\u201c, so Angela Scheibe-Jaeger. [ <a href=\"https:\/\/www.kulturforum-mwest.de\/K\/150127-leerer-stuhl-pasing\/\">Hauptseite Leerer Stuhl in Pasing<\/a> ]<\/p>\n<figure id=\"attachment_187\" aria-describedby=\"caption-attachment-187\" style=\"width: 525px\" class=\"wp-caption alignnone\"><img loading=\"lazy\" class=\"size-full wp-image-187\" src=\"https:\/\/www.kulturforum-mwest.de\/1.0\/K\/wp-content\/uploads\/2015\/01\/150127-leererStuhl-RathausNeu.jpg\" alt=\"\" width=\"525\" height=\"700\" srcset=\"https:\/\/kulturforum-mwest.de\/1.0\/K\/wp-content\/uploads\/2015\/01\/150127-leererStuhl-RathausNeu.jpg 525w, https:\/\/kulturforum-mwest.de\/1.0\/K\/wp-content\/uploads\/2015\/01\/150127-leererStuhl-RathausNeu-225x300.jpg 225w\" sizes=\"(max-width: 525px) 100vw, 525px\" \/><figcaption id=\"caption-attachment-187\" class=\"wp-caption-text\">Gedenkskulptur &#8222;Leerer Stuhl&#8220; am neuen Patz am Pasinger Rasthaus<\/figcaption><\/figure>\n<p>&nbsp;<\/p>\n<p>&nbsp;<\/p>\n<p>&nbsp;<\/p>\n<p>&nbsp;<\/p>\n","protected":false},"excerpt":{"rendered":"<p>Sonntag, 18. November 12 Uhr: Erinnerung lebendig halten: 80 Jahre Novemberpogrom, 77 Jahre Todeszug nach Kaunas &#8211; Gedenken am \u201eGebeugten leeren Stuhl in Pasing\u201c am Pasinger Rathaus\/Eingang B\u00fcrgerb\u00fcro, mit musikalischer Begleitung durch die Klarinettistin Miriam Heim.<\/p>\n","protected":false},"author":1,"featured_media":0,"comment_status":"closed","ping_status":"closed","sticky":false,"template":"","format":"standard","meta":[],"categories":[44,34,15,19],"tags":[],"_links":{"self":[{"href":"https:\/\/kulturforum-mwest.de\/1.0\/K\/wp-json\/wp\/v2\/posts\/3977"}],"collection":[{"href":"https:\/\/kulturforum-mwest.de\/1.0\/K\/wp-json\/wp\/v2\/posts"}],"about":[{"href":"https:\/\/kulturforum-mwest.de\/1.0\/K\/wp-json\/wp\/v2\/types\/post"}],"author":[{"embeddable":true,"href":"https:\/\/kulturforum-mwest.de\/1.0\/K\/wp-json\/wp\/v2\/users\/1"}],"replies":[{"embeddable":true,"href":"https:\/\/kulturforum-mwest.de\/1.0\/K\/wp-json\/wp\/v2\/comments?post=3977"}],"version-history":[{"count":6,"href":"https:\/\/kulturforum-mwest.de\/1.0\/K\/wp-json\/wp\/v2\/posts\/3977\/revisions"}],"predecessor-version":[{"id":5742,"href":"https:\/\/kulturforum-mwest.de\/1.0\/K\/wp-json\/wp\/v2\/posts\/3977\/revisions\/5742"}],"wp:attachment":[{"href":"https:\/\/kulturforum-mwest.de\/1.0\/K\/wp-json\/wp\/v2\/media?parent=3977"}],"wp:term":[{"taxonomy":"category","embeddable":true,"href":"https:\/\/kulturforum-mwest.de\/1.0\/K\/wp-json\/wp\/v2\/categories?post=3977"},{"taxonomy":"post_tag","embeddable":true,"href":"https:\/\/kulturforum-mwest.de\/1.0\/K\/wp-json\/wp\/v2\/tags?post=3977"}],"curies":[{"name":"wp","href":"https:\/\/api.w.org\/{rel}","templated":true}]}}