{"id":4328,"date":"2019-03-20T13:52:10","date_gmt":"2019-03-20T13:52:10","guid":{"rendered":"https:\/\/www.kulturforum-mwest.de\/K\/?p=4328"},"modified":"2019-03-21T14:38:58","modified_gmt":"2019-03-21T14:38:58","slug":"190320-stammtisch-renner","status":"publish","type":"post","link":"https:\/\/kulturforum-mwest.de\/1.0\/K\/190320-stammtisch-renner\/","title":{"rendered":"Kulturstammtisch mit Monika Renner"},"content":{"rendered":"<p><img loading=\"lazy\" class=\"size-full wp-image-4331 alignleft\" src=\"https:\/\/www.kulturforum-mwest.de\/1.0\/K\/wp-content\/uploads\/2019\/01\/190320-renner-120.jpg\" alt=\"\" width=\"120\" height=\"120\" \/>Mittwoch, 20. M\u00e4rz 2019, 19.30 Uhr <strong>Kulturstammtisch<\/strong> im Hofbr\u00e4u Obermenzing, Verdistra\u00dfe 125. Unser special guest ist diesmal <strong>Monika Renner<\/strong>, Vorsitzende des <strong>Akademievereins M\u00fcnchen<\/strong>. Eintritt frei, G\u00e4ste willkommen. <!--more--><\/p>\n<p>Frau Renner war in M\u00fcnchen Stadtr\u00e4tin von 1990 \u2013 2014. Sie war Mitglied im Kultur-Ausschuss und \u00fcber 6 Jahre kulturpolitische Sprecherin der SPD-Fraktion mit den Arbeitsschwerpunkten: Bildende Kunst, Kunst im \u00f6ffentlichen Raum \/ Kunst am Bau. Ihr besonderes Anliegen war, eine Br\u00fccke zwischen Kunst und Wirtschaft zu schaffen. Au\u00dferdem war sie 6 Jahre Mitglied im Wirtschafts-Ausschuss der LH M\u00fcnchen. Sie ist Tr\u00e4gerin der Medaille &#8222;M\u00fcnchen leuchtet&#8220; in Gold (2010)<\/p>\n<p><img loading=\"lazy\" class=\"alignnone size-full wp-image-4329\" src=\"https:\/\/www.kulturforum-mwest.de\/1.0\/K\/wp-content\/uploads\/2019\/02\/190320-renner.jpg\" alt=\"\" width=\"466\" height=\"700\" srcset=\"https:\/\/kulturforum-mwest.de\/1.0\/K\/wp-content\/uploads\/2019\/02\/190320-renner.jpg 466w, https:\/\/kulturforum-mwest.de\/1.0\/K\/wp-content\/uploads\/2019\/02\/190320-renner-200x300.jpg 200w\" sizes=\"(max-width: 466px) 100vw, 466px\" \/><\/p>\n<p>Aktuell ist Monika Renner u.a. Vorstandsmitglied des Wirtschaftsforums der Sozialdemokratie, Mitglied im Kuratorium M\u00fcnchner Volkshochschule und im Kulturforum der SPD \u2013 und seit 2016 auch Vorsitzende des Akademievereins mit Sitz in der Akademie der Bildenden K\u00fcnste M\u00fcnchen.<\/p>\n<p>Sie wird <strong>\u00fcber Geschichte, Zielsetzung und Aktivit\u00e4ten des Akademievereins<\/strong> erz\u00e4hlen \u2013 einer Vereinigung der Freunde und F\u00f6rderer der Akademie der Bildenden K\u00fcnste. Das Hauptaugenmerk des Akademievereins liegt auf der F\u00f6rderung studentischer Projekte, zu denen beispielsweise Ausstellungen, Publikationen oder Reisen geh\u00f6ren. Gleicherma\u00dfen wichtiges Anliegen ist die \u00d6ffentlichkeitsarbeit.<\/p>\n<p>Zu den weiteren Aktivit\u00e4ten des F\u00f6rdervereins geh\u00f6rt zudem die Stiftung von zwei Preisen &#8211; \u201ePreis des Akademievereins zum Diplom\u201c sowie \u201ePreis des Akademie-vereins zur Jahresausstellung\u201c. Seit 1990 findet j\u00e4hrlich im November eine Auktion statt, bei der Werke von Studierenden wie auch von Professoren und Werkstattleitern versteigert werden. Seinen Mitgliedern bietet der Akademieverein ein Programm mit monatlichen Veranstaltungen und Einladungen zu Vortr\u00e4gen, Ausstellungen, F\u00fchrungen, Werkstatt- oder Atelierbesuchen.<\/p>\n","protected":false},"excerpt":{"rendered":"<p>Mittwoch, 20. M\u00e4rz 2019, 19.30 Uhr Kulturstammtisch im Hofbr\u00e4u Obermenzing, Verdistra\u00dfe 125. Unser special guest ist diesmal Monika Renner, Vorsitzende des Akademievereins M\u00fcnchen. Eintritt frei, G\u00e4ste willkommen.<\/p>\n","protected":false},"author":1,"featured_media":0,"comment_status":"closed","ping_status":"closed","sticky":false,"template":"","format":"standard","meta":[],"categories":[51,17,26],"tags":[],"_links":{"self":[{"href":"https:\/\/kulturforum-mwest.de\/1.0\/K\/wp-json\/wp\/v2\/posts\/4328"}],"collection":[{"href":"https:\/\/kulturforum-mwest.de\/1.0\/K\/wp-json\/wp\/v2\/posts"}],"about":[{"href":"https:\/\/kulturforum-mwest.de\/1.0\/K\/wp-json\/wp\/v2\/types\/post"}],"author":[{"embeddable":true,"href":"https:\/\/kulturforum-mwest.de\/1.0\/K\/wp-json\/wp\/v2\/users\/1"}],"replies":[{"embeddable":true,"href":"https:\/\/kulturforum-mwest.de\/1.0\/K\/wp-json\/wp\/v2\/comments?post=4328"}],"version-history":[{"count":4,"href":"https:\/\/kulturforum-mwest.de\/1.0\/K\/wp-json\/wp\/v2\/posts\/4328\/revisions"}],"predecessor-version":[{"id":4391,"href":"https:\/\/kulturforum-mwest.de\/1.0\/K\/wp-json\/wp\/v2\/posts\/4328\/revisions\/4391"}],"wp:attachment":[{"href":"https:\/\/kulturforum-mwest.de\/1.0\/K\/wp-json\/wp\/v2\/media?parent=4328"}],"wp:term":[{"taxonomy":"category","embeddable":true,"href":"https:\/\/kulturforum-mwest.de\/1.0\/K\/wp-json\/wp\/v2\/categories?post=4328"},{"taxonomy":"post_tag","embeddable":true,"href":"https:\/\/kulturforum-mwest.de\/1.0\/K\/wp-json\/wp\/v2\/tags?post=4328"}],"curies":[{"name":"wp","href":"https:\/\/api.w.org\/{rel}","templated":true}]}}