{"id":5049,"date":"2020-01-23T10:42:51","date_gmt":"2020-01-23T10:42:51","guid":{"rendered":"https:\/\/www.kulturforum-mwest.de\/K\/?p=5049"},"modified":"2020-03-15T16:40:36","modified_gmt":"2020-03-15T16:40:36","slug":"200123-rathaus-gloria-gans","status":"publish","type":"post","link":"https:\/\/kulturforum-mwest.de\/1.0\/K\/200123-rathaus-gloria-gans\/","title":{"rendered":"Rathausausstellung: Gloria Gans"},"content":{"rendered":"<p><img loading=\"lazy\" class=\"size-full wp-image-5054 alignleft\" src=\"https:\/\/www.kulturforum-mwest.de\/1.0\/K\/wp-content\/uploads\/2019\/11\/200123-gans-120.jpg\" alt=\"\" width=\"120\" height=\"120\" \/> <strong>23.01. bis 12.3.2020<\/strong> ist im Rathaus Pasing die\u00a0\u00a0 Ausstellung unter dem Titel<br \/>\n\u00bbIch denke \u00fcber Vieles nach.\u00ab &#8230; \u00bbIch bin nicht mehr ganz von dieser Welt.\u00ab von Gloria Gans zu sehen.\u00a0 Eintritt frei, ge\u00f6ffnet wie das Rathaus.<br \/>\nVernissage war am Donnerstag, 23. Januar 2020 von 19 bis 21 Uhr.\u00a0 Am Donnerstag, 5. Feb. um 17 bis 18 Uhr f\u00fchrt Gloria Gans durch ihre Ausstellung.<br \/>\n<a href=\"https:\/\/www.kulturforum-mwest.de\/K\/200123-rathaus-gloria-gans-bilder\">Ein paar Bilder aus der Ausstellung<\/a><br \/>\n<a href=\"https:\/\/www.kulturforum-mwest.de\/K\/200123-rathaus-gloria-gans-fuehrung\/\">Bilder von der F\u00fchrung<\/a><br \/>\n<a href=\"https:\/\/www.kulturforum-mwest.de\/K\/200123-rathaus-gloria-gans-rede\/\">Rede von Gloria Gans bei der Vernissage<\/a><br \/>\n<!--more--><\/p>\n<figure id=\"attachment_5055\" aria-describedby=\"caption-attachment-5055\" style=\"width: 444px\" class=\"wp-caption alignnone\"><img loading=\"lazy\" class=\"wp-image-5055 size-full\" src=\"https:\/\/www.kulturforum-mwest.de\/1.0\/K\/wp-content\/uploads\/2019\/11\/200123-gans-ich-denke.jpg\" alt=\"Titelbid der Ausstellung \" width=\"444\" height=\"500\" srcset=\"https:\/\/kulturforum-mwest.de\/1.0\/K\/wp-content\/uploads\/2019\/11\/200123-gans-ich-denke.jpg 444w, https:\/\/kulturforum-mwest.de\/1.0\/K\/wp-content\/uploads\/2019\/11\/200123-gans-ich-denke-266x300.jpg 266w\" sizes=\"(max-width: 444px) 100vw, 444px\" \/><figcaption id=\"caption-attachment-5055\" class=\"wp-caption-text\">Gloria Gans: flashback II, 90 x 80 cm, Acryl, \u00d6l auf Jute, 2018<\/figcaption><\/figure>\n<p><a href=\"https:\/\/www.kulturforum-mwest.de\/K\/200123-bilder-von-gloria-gans\/\">Weitere Bilder der Ausstellung im Pasinger Rathaus<\/a><br \/>\nGedanken zu Bildern der Ausstellung von Gloria Gans:<\/p>\n<h2>\u201eIch denke \u00fcber Vieles nach.\u201c&#8230;\u201cIch bin nicht mehr ganz von dieser Welt.\u201c<\/h2>\n<p>Zitate des Vaters. Es war ihm bereits zu beschwerlich zu sagen, was ihm alles durch den Kopf ging.<br \/>\nIch versuche, es mir vorzustellen. Sah er wieder die Menschen vor sich, die er zusammen mit anderen Soldaten am 30. Januar 1945 aus der eisigen Ostsee an Bord gezogen hatte. Sah er wieder die vor K\u00e4lte und Schw\u00e4che und Angst flatternden Augenlider der Frauen, diese wie irre flatternden Augenlider, die ihn seither jeden Morgen aus dem warmen Bett trieben, ihm den Schlaf raubten, 73 Jahre lang?<\/p>\n<p>Ich zitiere ihn nochmals: \u201e Man hat uns die Jugend enommen.\u201c<br \/>\n&#8230; \u201cMan hat uns belogen und betrogen\u201c.<\/p>\n<p>Die Absurdit\u00e4t des Krieges, Erlebnisse, die sich wie S\u00e4ure in dich hineinfressen.<br \/>\nNie wieder sollte es so etwas geben! Und doch scheint diese Erkenntnis in Vergessenheit zu geraten. Wie sonst l\u00e4sst sich erkl\u00e4ren, dass erneut Profitgier, mangelnde Empathie, Ausgrenzung auf dem Vormarsch sind?<br \/>\nSeenotretter kriminalisiert man jetzt.<br \/>\nDie Geschichte zeigt: Wenn das Denken eng wird, ist der Krieg nicht weit.<\/p>\n<p>Ein Jahr nach dem Vater starb die Mutter. Schon geraume Zeit zuvor mischten sich in ihrem Denken Vergangenheit und Gegenwart.<br \/>\n\u201eKomm, beeile dich, nimm unsere Stiefel aus dem Schrank, damit wir keine nassen F\u00fc\u00dfe bekommen, schnell, lass uns \u00fcbersetzen, der alte Roth, der F\u00e4hrmann wartet.<\/p>\n<p>Die Eltern haben uns mit ihrer Erfahrung von Krieg, Vertreibung, Flucht und Untergang ein schweres Erbe hinterlassen. Wir sind in der Pflicht, die Gegenwart genau zu beobachten und rechtzeitig zu warnen und zu handeln.<\/p>\n<p>Gloria Gans<\/p>\n<figure id=\"attachment_5063\" aria-describedby=\"caption-attachment-5063\" style=\"width: 700px\" class=\"wp-caption alignnone\"><img loading=\"lazy\" class=\"wp-image-5063 size-full\" src=\"https:\/\/www.kulturforum-mwest.de\/1.0\/K\/wp-content\/uploads\/2019\/11\/200123-gans-chance-II.jpg\" alt=\"\" width=\"700\" height=\"230\" srcset=\"https:\/\/kulturforum-mwest.de\/1.0\/K\/wp-content\/uploads\/2019\/11\/200123-gans-chance-II.jpg 700w, https:\/\/kulturforum-mwest.de\/1.0\/K\/wp-content\/uploads\/2019\/11\/200123-gans-chance-II-300x99.jpg 300w\" sizes=\"(max-width: 700px) 100vw, 700px\" \/><figcaption id=\"caption-attachment-5063\" class=\"wp-caption-text\">Gloria Gans, Chance II. Triptychon, zusammen 90 x 280 cm, Acryl, \u00d6l auf Jute, 2017<\/figcaption><\/figure>\n<p>Ausstellung vom 23.01. bis 12.3.2020<br \/>\nim B\u00fcrgerzentrum Rathaus Pasing<br \/>\nLandsbergerstr. 486, Eingang Rathausgasse<br \/>\n\u00d6ffnungszeiten<br \/>\nMontag 8.00 \u2013 16.00<br \/>\nDienstag 8.00 \u2013 18.00<br \/>\nMittwoch 8.00 \u2013 16.00<br \/>\nDonnerstag 8.00 \u2013 17.00<br \/>\nFreitag 8.00 \u2013 13.00<\/p>\n<p>Veranstalter: Kulturforum M\u00fcnchen-West in Kooperation mit dem Verein Kunst und Kultur im und um das Pasinger Rathaus, gef\u00f6rdert durch das Kulturreferat der Landeshauptstadt M\u00fcnchen.<\/p>\n<h3>Vita von Gloria Gans<\/h3>\n<p><img loading=\"lazy\" class=\"alignnone size-medium wp-image-5111\" src=\"https:\/\/www.kulturforum-mwest.de\/1.0\/K\/wp-content\/uploads\/2020\/01\/200123-gloria-gans-276x300.jpg\" alt=\"\" width=\"276\" height=\"300\" srcset=\"https:\/\/kulturforum-mwest.de\/1.0\/K\/wp-content\/uploads\/2020\/01\/200123-gloria-gans-276x300.jpg 276w, https:\/\/kulturforum-mwest.de\/1.0\/K\/wp-content\/uploads\/2020\/01\/200123-gloria-gans-768x836.jpg 768w, https:\/\/kulturforum-mwest.de\/1.0\/K\/wp-content\/uploads\/2020\/01\/200123-gloria-gans.jpg 900w\" sizes=\"(max-width: 276px) 100vw, 276px\" \/><\/p>\n<ul style=\"padding-left: 80px; text-indent: -80px; list-style: none; list-style-image: none; margin-bottom: 0;\">\n<li style=\"list-style-image: none;\">1978\/80\u00a0\u00a0\u00a0\u00a0\u00a0 Kirchenmalerlehre in M\u00fcnchen<\/li>\n<li style=\"list-style-image: none;\">1980\/86\u00a0\u00a0\u00a0\u00a0\u00a0 Studium der Malerei u. Grafik an der Akademie\u00a0 der Bildenden K\u00fcnste M\u00fcnchen bei G\u00fcnter Fruhtrunk und Roland Helmer;<br \/>\nDiplom und 1. Staatsexamen f\u00fcr Kunsterziehung<\/li>\n<li style=\"list-style-image: none;\">seit 1987\u00a0\u00a0\u00a0\u00a0 gro\u00dfformatige Stilleben<\/li>\n<li style=\"list-style-image: none;\">1987\u00a0\u00a0\u00a0\u00a0\u00a0\u00a0\u00a0\u00a0\u00a0\u00a0\u00a0\u00a0 Prinzregent-Luitpold-Stipendium<\/li>\n<li style=\"list-style-image: none;\">1992\/93\/94\u00a0\u00a0\u00a0\u00a0\u00a0\u00a0\u00a0\u00a0\u00a0 Arbeitsaufenthalte auf der Kykladeninsel Andros: Fruchtbarkeitsidole, Portr\u00e4ts.<\/li>\n<li style=\"list-style-image: none;\">seit 1999\u00a0\u00a0\u00a0\u00a0 auch kunstp\u00e4dagogisch t\u00e4tig.<\/li>\n<li style=\"list-style-image: none;\">2003\u00a0\u00a0\u00a0\u00a0\u00a0\u00a0\u00a0\u00a0\u00a0\u00a0\u00a0\u00a0\u00a0 HSP-Nachfolgestipendium<\/li>\n<li style=\"list-style-image: none;\">2007\u00a0\u00a0\u00a0\u00a0\u00a0\u00a0\u00a0\u00a0\u00a0\u00a0\u00a0\u00a0 Beginn der Serie \u201eAlltagshelden\u201c<\/li>\n<li style=\"list-style-image: none;\">2010\u00a0\u00a0\u00a0\u00a0\u00a0\u00a0\u00a0\u00a0\u00a0\u00a0\u00a0\u00a0 Beginn der Serien \u201eterra marique\u201c und \u201emigrare\u201c<\/li>\n<li style=\"list-style-image: none;\">Lebt und arbeitet in M\u00fcnchen<\/li>\n<li style=\"list-style-image: none;\"><\/li>\n<li style=\"list-style-image: none;\"><\/li>\n<\/ul>\n<p><strong>Ausstellungen<\/strong> (Auswahl)<\/p>\n<p>&nbsp;<\/p>\n<ul style=\"padding-left: 80px; text-indent: -80px; list-style: none; margin-bottom: 0;\">\n<li style=\"list-style-image: none;\">2019\u00a0\u00a0\u00a0\u00a0\u00a0\u00a0\u00a0\u00a0\u00a0\u00a0\u00a0\u00a0\u00a0\u00a0 <strong>Alltagsheldinnen und \u2013heroen<\/strong>, DGB-Haus, M\u00fcnchen<\/li>\n<li style=\"list-style-image: none;\">2017\u00a0\u00a0\u00a0\u00a0\u00a0\u00a0\u00a0\u00a0\u00a0\u00a0\u00a0\u00a0\u00a0 <strong>Weltbilder<\/strong>, Wilde &amp; Partner Public Relations GmbH, M\u00fcnchen<br \/>\n<strong>terra marique<\/strong>, Pasinger Fabrik, M\u00fcnchen, mit Benedikt Stumpf<br \/>\nWanderausstellung <strong>Solidarit\u00e4t mit Frauen auf der Flucht<\/strong> (Beteiligung), Die F\u00e4rberei &amp; K\u00f6sk, M\u00fcnchen<\/li>\n<li style=\"list-style-image: none;\">2016\u00a0\u00a0\u00a0\u00a0\u00a0\u00a0\u00a0\u00a0\u00a0\u00a0\u00a0\u00a0\u00a0<strong>Und wenn der Himmel lacht \u00fcber Athen&#8230;<\/strong>, Christuskirche, M\u00fcnchen<br \/>\n<strong>Fliehkr\u00e4fte<\/strong>, Akademie f\u00fcr Politische Bildung, Tutzing<\/li>\n<li style=\"list-style-image: none;\">2015\u00a0\u00a0\u00a0\u00a0\u00a0\u00a0\u00a0\u00a0\u00a0\u00a0\u00a0\u00a0\u00a0 <strong>migrare \u2013 advenire<\/strong>, Kulturzentrum 2411, M\u00fcnchen<br \/>\n<strong>concious<\/strong>, Haus der bayerischen Landwirtschaft, Herrsching<br \/>\n<strong>mitwissen<\/strong>, Lutherkirche, M\u00fcnchen<\/li>\n<li style=\"list-style-image: none;\">2014\u00a0\u00a0\u00a0\u00a0\u00a0\u00a0\u00a0\u00a0\u00a0\u00a0\u00a0\u00a0\u00a0 <strong>Kunststoff<\/strong>, Max-Planck-Institut f\u00fcr Biochemie, Martinsried<br \/>\n<strong>Nodong Arbeit<\/strong>, Schlosspavillon Ismaning, mit Hysook Moon<br \/>\n<strong>Im Vollanschlussgebiet<\/strong>, Technisches Rathaus, M\u00fcnchen<\/li>\n<li style=\"list-style-image: none;\">2013\u00a0\u00a0\u00a0\u00a0\u00a0\u00a0\u00a0\u00a0\u00a0\u00a0\u00a0\u00a0\u00a0 kurzparkzone, M\u00fcnchen<\/li>\n<li style=\"list-style-image: none;\">2009\u00a0\u00a0\u00a0\u00a0\u00a0\u00a0\u00a0\u00a0\u00a0\u00a0\u00a0\u00a0\u00a0 Unterhammer im Karlstal bei Kaiserslautern<\/li>\n<li style=\"list-style-image: none;\">2008\u00a0\u00a0\u00a0\u00a0\u00a0\u00a0\u00a0\u00a0\u00a0\u00a0\u00a0\u00a0\u00a0 Kulturhaus Milbertshofen, M\u00fcnchen<\/li>\n<li style=\"list-style-image: none;\">2006\u00a0\u00a0\u00a0\u00a0\u00a0\u00a0\u00a0\u00a0\u00a0\u00a0\u00a0\u00a0\u00a0 Artothek, M\u00fcnchen<\/li>\n<li style=\"list-style-image: none;\">1996\u00a0\u00a0\u00a0\u00a0\u00a0\u00a0\u00a0\u00a0\u00a0\u00a0\u00a0\u00a0\u00a0 Kunstpavillon im alten Botanischen Garten, M\u00fcnchen<\/li>\n<li style=\"list-style-image: none;\">1991\u00a0\u00a0\u00a0\u00a0\u00a0\u00a0\u00a0\u00a0\u00a0\u00a0\u00a0\u00a0\u00a0 Kulturwerkstatt Haus 10, F\u00fcrstenfeldbruck<\/li>\n<li style=\"list-style-image: none;\">1989\/90\/93\u00a0\u00a0\u00a0\u00a0\u00a0\u00a0\u00a0\u00a0\u00a0 Galerie Dube-Heynig, M\u00fcnchen<\/li>\n<li style=\"list-style-image: none;\">1988\u00a0\u00a0\u00a0\u00a0\u00a0\u00a0\u00a0\u00a0\u00a0\u00a0\u00a0\u00a0\u00a0 St\u00e4dt. Galerie im Rathausfletz, Neuburg an der Donau<\/li>\n<li style=\"list-style-image: none;\">1987\/96\u00a0\u00a0\u00a0\u00a0 Produzentengalerie, M\u00fcnchen<\/li>\n<\/ul>\n<p>&nbsp;<\/p>\n<p>&nbsp;<\/p>\n<p>&nbsp;<\/p>\n<p>&nbsp;<\/p>\n","protected":false},"excerpt":{"rendered":"<p>23.01. bis 12.3.2020 ist im Rathaus Pasing die\u00a0\u00a0 Ausstellung unter dem Titel \u00bbIch denke \u00fcber Vieles nach.\u00ab &#8230; \u00bbIch bin nicht mehr ganz von dieser Welt.\u00ab von Gloria Gans zu sehen.\u00a0 Eintritt frei, ge\u00f6ffnet wie das Rathaus. Vernissage war am Donnerstag, 23. Januar 2020 von 19 bis 21 Uhr.\u00a0 Am Donnerstag, 5. Feb. um 17 &hellip; <a href=\"https:\/\/kulturforum-mwest.de\/1.0\/K\/200123-rathaus-gloria-gans\/\" class=\"more-link\"><span class=\"screen-reader-text\">Rathausausstellung: Gloria Gans<\/span> weiterlesen <span class=\"meta-nav\">&rarr;<\/span><\/a><\/p>\n","protected":false},"author":1,"featured_media":0,"comment_status":"closed","ping_status":"closed","sticky":false,"template":"","format":"standard","meta":[],"categories":[57,3,19],"tags":[],"_links":{"self":[{"href":"https:\/\/kulturforum-mwest.de\/1.0\/K\/wp-json\/wp\/v2\/posts\/5049"}],"collection":[{"href":"https:\/\/kulturforum-mwest.de\/1.0\/K\/wp-json\/wp\/v2\/posts"}],"about":[{"href":"https:\/\/kulturforum-mwest.de\/1.0\/K\/wp-json\/wp\/v2\/types\/post"}],"author":[{"embeddable":true,"href":"https:\/\/kulturforum-mwest.de\/1.0\/K\/wp-json\/wp\/v2\/users\/1"}],"replies":[{"embeddable":true,"href":"https:\/\/kulturforum-mwest.de\/1.0\/K\/wp-json\/wp\/v2\/comments?post=5049"}],"version-history":[{"count":22,"href":"https:\/\/kulturforum-mwest.de\/1.0\/K\/wp-json\/wp\/v2\/posts\/5049\/revisions"}],"predecessor-version":[{"id":5281,"href":"https:\/\/kulturforum-mwest.de\/1.0\/K\/wp-json\/wp\/v2\/posts\/5049\/revisions\/5281"}],"wp:attachment":[{"href":"https:\/\/kulturforum-mwest.de\/1.0\/K\/wp-json\/wp\/v2\/media?parent=5049"}],"wp:term":[{"taxonomy":"category","embeddable":true,"href":"https:\/\/kulturforum-mwest.de\/1.0\/K\/wp-json\/wp\/v2\/categories?post=5049"},{"taxonomy":"post_tag","embeddable":true,"href":"https:\/\/kulturforum-mwest.de\/1.0\/K\/wp-json\/wp\/v2\/tags?post=5049"}],"curies":[{"name":"wp","href":"https:\/\/api.w.org\/{rel}","templated":true}]}}