{"id":5121,"date":"2020-01-24T18:43:18","date_gmt":"2020-01-24T18:43:18","guid":{"rendered":"https:\/\/www.kulturforum-mwest.de\/K\/?p=5121"},"modified":"2020-02-09T16:44:31","modified_gmt":"2020-02-09T16:44:31","slug":"200124-st-raphael-iwp","status":"publish","type":"post","link":"https:\/\/kulturforum-mwest.de\/1.0\/K\/200124-st-raphael-iwp\/","title":{"rendered":"Irene W\u00fchrl-Petry in der Unterkirche"},"content":{"rendered":"<p><img loading=\"lazy\" class=\"size-full wp-image-5122 alignleft\" src=\"https:\/\/www.kulturforum-mwest.de\/1.0\/K\/wp-content\/uploads\/2020\/01\/200124-iwp-120.jpg\" alt=\"\" width=\"120\" height=\"120\" \/>Freitag, 24. Januar 2020 um 19 Uhr ist Vernissage von Irene W\u00fchrl-Petry in der Unterkirche von St. Raphael, Lechelstra\u00dfe 52. Die Ausstellung unter dem Titel <strong>&#8222;ein wenig verweilen&#8220;<\/strong> geht bis zum 9.02.2020 und ist samstags und sonntags von 15 Uhr bis 18 Uhr ge\u00f6ffnet. Eintritt frei. <!--more-->S1 und U3 bis Bahnhof Moosach; Bus 162 bis Waldhornstr.; diese nach S\u00fcden bis St. Raphael, Eingang zur Unterkirche an der Nordseite.<\/p>\n<figure id=\"attachment_5128\" aria-describedby=\"caption-attachment-5128\" style=\"width: 700px\" class=\"wp-caption alignnone\"><img loading=\"lazy\" class=\"wp-image-5128 size-full\" src=\"https:\/\/www.kulturforum-mwest.de\/1.0\/K\/wp-content\/uploads\/2020\/01\/200124-wip-reisen.jpg\" alt=\"\" width=\"700\" height=\"460\" srcset=\"https:\/\/kulturforum-mwest.de\/1.0\/K\/wp-content\/uploads\/2020\/01\/200124-wip-reisen.jpg 700w, https:\/\/kulturforum-mwest.de\/1.0\/K\/wp-content\/uploads\/2020\/01\/200124-wip-reisen-300x197.jpg 300w\" sizes=\"(max-width: 700px) 100vw, 700px\" \/><figcaption id=\"caption-attachment-5128\" class=\"wp-caption-text\">Irene W\u00fchrl-Petry: Reisen ins offene Land<\/figcaption><\/figure>\n<p>Irene W\u00fchrl-Petry, geb. in M\u00fcnster, Westfalen; Ausbildung zur Fotografin, 25 Jahre als Fotografin im Max Planck Institut f\u00fcr Festk\u00f6rperforschung in Stuttgart t\u00e4tig. Seit 1984 Ausbildung in Aquarell, Acryl, Radierung, Siebdruck, u.a. in der Kolping-Kunstschule, Prof. Peters, Kunstschule Filderstadt, Klasse Hannes Steinert sowie Seminare f\u00fcr Bildtechnik bei Prof. H.K. Schlegel. Lebt seit 2003 in M\u00fcnchen, seit 2006 ein Atelier in Germering im st\u00e4dtischen Atelierhaus. Mitglied im Kunstkreis Germering.<\/p>\n<p>Bevorzugte Malmaterialien sind Erden, vielfarbiger Sand, Pigmente, Wachs, sowie Fundst\u00fccke und verschiedene Papiere f\u00fcr Collagen. Themen: Afrikanische Landschaften, die Antike, Mythen, Misch- u. Fabelwesen. Arbeitet gern in Serien und sucht sich die Technik zum Thema aus.<\/p>\n<p>Seit 1994 Einzel-und Gruppenausstellungen u.a. in Baden-W\u00fcrttemberg, Bayern und Frankreich.<\/p>\n<figure id=\"attachment_5129\" aria-describedby=\"caption-attachment-5129\" style=\"width: 700px\" class=\"wp-caption alignnone\"><img loading=\"lazy\" class=\"wp-image-5129 size-full\" src=\"https:\/\/www.kulturforum-mwest.de\/1.0\/K\/wp-content\/uploads\/2020\/01\/200124-wip-spuren.jpg\" alt=\"\" width=\"700\" height=\"551\" srcset=\"https:\/\/kulturforum-mwest.de\/1.0\/K\/wp-content\/uploads\/2020\/01\/200124-wip-spuren.jpg 700w, https:\/\/kulturforum-mwest.de\/1.0\/K\/wp-content\/uploads\/2020\/01\/200124-wip-spuren-300x236.jpg 300w\" sizes=\"(max-width: 700px) 100vw, 700px\" \/><figcaption id=\"caption-attachment-5129\" class=\"wp-caption-text\">Irene W\u00fchrl-Petry: Spuren<\/figcaption><\/figure>\n<p><a href=\"https:\/\/www.kulturforum-mwest.de\/K\/http-www-kulturforum-mwest-de-k-200124-st-raphael-iwp-bilder\/\">Weitere Bilder<\/a><\/p>\n<p>Der Kurator der Ausstellung, Michael Glatzel, f\u00fchrt bei der Vernissage in die Werke ein. Veranstalter ist die Kirche St. Raphael in Kooperation mit dem Kulturforum M\u00fcnchen-West e. V.<\/p>\n<p>Ort: St. Raphael, Lechelstra\u00dfe 52.<br \/>\nS1 und S3 bis Bahnhof Moosach, dann Bus 162 bis Waldhornstra\u00dfe, diese nach S\u00fcden bis St.Raphael, Eingang Unterkirche an der Nordseite.<\/p>\n<p>&nbsp;<\/p>\n<p>&nbsp;<\/p>\n","protected":false},"excerpt":{"rendered":"<p>Freitag, 24. Januar 2020 um 19 Uhr ist Vernissage von Irene W\u00fchrl-Petry in der Unterkirche von St. Raphael, Lechelstra\u00dfe 52. Die Ausstellung unter dem Titel &#8222;ein wenig verweilen&#8220; geht bis zum 9.02.2020 und ist samstags und sonntags von 15 Uhr bis 18 Uhr ge\u00f6ffnet. Eintritt frei.<\/p>\n","protected":false},"author":1,"featured_media":0,"comment_status":"closed","ping_status":"closed","sticky":false,"template":"","format":"standard","meta":[],"categories":[57,3,1,43,32],"tags":[],"_links":{"self":[{"href":"https:\/\/kulturforum-mwest.de\/1.0\/K\/wp-json\/wp\/v2\/posts\/5121"}],"collection":[{"href":"https:\/\/kulturforum-mwest.de\/1.0\/K\/wp-json\/wp\/v2\/posts"}],"about":[{"href":"https:\/\/kulturforum-mwest.de\/1.0\/K\/wp-json\/wp\/v2\/types\/post"}],"author":[{"embeddable":true,"href":"https:\/\/kulturforum-mwest.de\/1.0\/K\/wp-json\/wp\/v2\/users\/1"}],"replies":[{"embeddable":true,"href":"https:\/\/kulturforum-mwest.de\/1.0\/K\/wp-json\/wp\/v2\/comments?post=5121"}],"version-history":[{"count":4,"href":"https:\/\/kulturforum-mwest.de\/1.0\/K\/wp-json\/wp\/v2\/posts\/5121\/revisions"}],"predecessor-version":[{"id":5151,"href":"https:\/\/kulturforum-mwest.de\/1.0\/K\/wp-json\/wp\/v2\/posts\/5121\/revisions\/5151"}],"wp:attachment":[{"href":"https:\/\/kulturforum-mwest.de\/1.0\/K\/wp-json\/wp\/v2\/media?parent=5121"}],"wp:term":[{"taxonomy":"category","embeddable":true,"href":"https:\/\/kulturforum-mwest.de\/1.0\/K\/wp-json\/wp\/v2\/categories?post=5121"},{"taxonomy":"post_tag","embeddable":true,"href":"https:\/\/kulturforum-mwest.de\/1.0\/K\/wp-json\/wp\/v2\/tags?post=5121"}],"curies":[{"name":"wp","href":"https:\/\/api.w.org\/{rel}","templated":true}]}}