{"id":5176,"date":"2020-03-13T10:37:55","date_gmt":"2020-03-13T10:37:55","guid":{"rendered":"https:\/\/www.kulturforum-mwest.de\/K\/?p=5176"},"modified":"2020-04-04T14:21:01","modified_gmt":"2020-04-04T14:21:01","slug":"200327-nietmann-leuchner-raphael","status":"publish","type":"post","link":"https:\/\/kulturforum-mwest.de\/1.0\/K\/200327-nietmann-leuchner-raphael\/","title":{"rendered":"Nietmann und Leuschner stellen in St. Raphael aus"},"content":{"rendered":"<p><img loading=\"lazy\" class=\"size-full wp-image-5183 alignleft\" src=\"https:\/\/www.kulturforum-mwest.de\/1.0\/K\/wp-content\/uploads\/2020\/02\/200327-Leuschner-genesis28-120.jpg\" alt=\"\" width=\"120\" height=\"120\" \/>Freitag 13. M\u00e4rz 2020 um 19 Uhr war Vernissage der Ausstellung\u00a0 &#8222;Unter&#8220; von Elsa Nietmann und Doris Leuschner\u00a0 mit einer Einf\u00fchrung durch den Kurator Michael Glatzel. Unterkirche von St. Raphael, Lechelstra\u00dfe 52 \/ Ecke Waldhornstra\u00dfe. Die Ausstellung ist vom 14.03. \u2013 29.03.2020, samstags und sonntags 15 \u2013 18 Uhr ge\u00f6ffnet. Eintritt frei.<!--more-->Der Titel\u00a0 steht dabei nicht nur f\u00fcr den Veranstaltungsort, sondern auch f\u00fcr die Assoziationen und Themenschwerpunkte der beiden K\u00fcnstlerinnen: Doris Leuschner setzt sich mit der verborgenen Unterwasserwelt als Lebensraum f\u00fcr Kleinstlebewesen auseinander und erschafft mit ungew\u00f6hnlichen Materialien \u201ebeachtenswerte\u201c Objekte.<\/p>\n<figure id=\"attachment_5182\" aria-describedby=\"caption-attachment-5182\" style=\"width: 700px\" class=\"wp-caption alignnone\"><img loading=\"lazy\" class=\"size-full wp-image-5182\" src=\"https:\/\/www.kulturforum-mwest.de\/1.0\/K\/wp-content\/uploads\/2020\/02\/200327-Leuschner-genesis28.jpg.jpg\" alt=\"\" width=\"700\" height=\"467\" srcset=\"https:\/\/kulturforum-mwest.de\/1.0\/K\/wp-content\/uploads\/2020\/02\/200327-Leuschner-genesis28.jpg.jpg 700w, https:\/\/kulturforum-mwest.de\/1.0\/K\/wp-content\/uploads\/2020\/02\/200327-Leuschner-genesis28.jpg-300x200.jpg 300w\" sizes=\"(max-width: 700px) 100vw, 700px\" \/><figcaption id=\"caption-attachment-5182\" class=\"wp-caption-text\">Doris Leuschner, genesis 28, Bambus, Kaltglasur, LED<\/figcaption><\/figure>\n<figure id=\"attachment_5178\" aria-describedby=\"caption-attachment-5178\" style=\"width: 700px\" class=\"wp-caption alignnone\"><img loading=\"lazy\" class=\"size-full wp-image-5178\" src=\"https:\/\/www.kulturforum-mwest.de\/1.0\/K\/wp-content\/uploads\/2020\/02\/200327-Elsa-Nietmann-fishbones.jpg.jpg\" alt=\"\" width=\"700\" height=\"466\" srcset=\"https:\/\/kulturforum-mwest.de\/1.0\/K\/wp-content\/uploads\/2020\/02\/200327-Elsa-Nietmann-fishbones.jpg.jpg 700w, https:\/\/kulturforum-mwest.de\/1.0\/K\/wp-content\/uploads\/2020\/02\/200327-Elsa-Nietmann-fishbones.jpg-300x200.jpg 300w\" sizes=\"(max-width: 700px) 100vw, 700px\" \/><figcaption id=\"caption-attachment-5178\" class=\"wp-caption-text\">Elsa Nietmann, fishbones, 2017, Esche ges\u00e4gt<\/figcaption><\/figure>\n<p>Elsa Nietmanns Fokus liegt auf der Bewegung. Sie kreiert mit der Kettens\u00e4ge energiegeladene, bewegte K\u00f6rper und gew\u00e4hrt dabei manchen Blick unter die Haut, bis aufs Skelett. Kuriert wird die Ausstellung von Michael Glatzel.<\/p>\n<p>Unterkirche von St. Raphael, Lechelstra\u00dfe 52 \/ Ecke Waldhornstra\u00dfe, M\u00fcnchen- Hartmannshofen, \u00d6ffnungszeiten: 14.03. \u2013 29.03.2020, samstags und sonntags 15 \u2013 18 Uhr. Eintritt frei.<\/p>\n<p>Veranstalter ist die Kirche St. Raphael in Kooperation mit dem Kluturforum M\u00fcnchen-West, Kurator ist Michael Glatzel.<\/p>\n<figure id=\"attachment_5181\" aria-describedby=\"caption-attachment-5181\" style=\"width: 700px\" class=\"wp-caption alignnone\"><img loading=\"lazy\" class=\"size-full wp-image-5181\" src=\"https:\/\/www.kulturforum-mwest.de\/1.0\/K\/wp-content\/uploads\/2020\/02\/200327-Leuschner-genesis25.jpg.jpg\" alt=\"\" width=\"700\" height=\"467\" srcset=\"https:\/\/kulturforum-mwest.de\/1.0\/K\/wp-content\/uploads\/2020\/02\/200327-Leuschner-genesis25.jpg.jpg 700w, https:\/\/kulturforum-mwest.de\/1.0\/K\/wp-content\/uploads\/2020\/02\/200327-Leuschner-genesis25.jpg-300x200.jpg 300w\" sizes=\"(max-width: 700px) 100vw, 700px\" \/><figcaption id=\"caption-attachment-5181\" class=\"wp-caption-text\">Doris Leuschner, genesis 25, Kaltglasur, Silikon, Strandgut<\/figcaption><\/figure>\n<figure id=\"attachment_5180\" aria-describedby=\"caption-attachment-5180\" style=\"width: 700px\" class=\"wp-caption alignnone\"><img loading=\"lazy\" class=\"size-full wp-image-5180\" src=\"https:\/\/www.kulturforum-mwest.de\/1.0\/K\/wp-content\/uploads\/2020\/02\/200327-Leuschner-genesis1.jpg.jpg\" alt=\"\" width=\"700\" height=\"507\" srcset=\"https:\/\/kulturforum-mwest.de\/1.0\/K\/wp-content\/uploads\/2020\/02\/200327-Leuschner-genesis1.jpg.jpg 700w, https:\/\/kulturforum-mwest.de\/1.0\/K\/wp-content\/uploads\/2020\/02\/200327-Leuschner-genesis1.jpg-300x217.jpg 300w\" sizes=\"(max-width: 700px) 100vw, 700px\" \/><figcaption id=\"caption-attachment-5180\" class=\"wp-caption-text\">Doris Leuschner, genesis 1, Bambus, Kupfer<\/figcaption><\/figure>\n<figure id=\"attachment_5179\" aria-describedby=\"caption-attachment-5179\" style=\"width: 700px\" class=\"wp-caption alignnone\"><img loading=\"lazy\" class=\"size-full wp-image-5179\" src=\"https:\/\/www.kulturforum-mwest.de\/1.0\/K\/wp-content\/uploads\/2020\/02\/200327-Elsa-Nietmann-struktur.jpg.jpg\" alt=\"\" width=\"700\" height=\"713\" srcset=\"https:\/\/kulturforum-mwest.de\/1.0\/K\/wp-content\/uploads\/2020\/02\/200327-Elsa-Nietmann-struktur.jpg.jpg 700w, https:\/\/kulturforum-mwest.de\/1.0\/K\/wp-content\/uploads\/2020\/02\/200327-Elsa-Nietmann-struktur.jpg-295x300.jpg 295w\" sizes=\"(max-width: 700px) 100vw, 700px\" \/><figcaption id=\"caption-attachment-5179\" class=\"wp-caption-text\">Elsa Nietmann, Struktur, 2017, Birke ges\u00e4gt<\/figcaption><\/figure>\n<p>&nbsp;<\/p>\n<p>&nbsp;<\/p>\n<p>&nbsp;<\/p>\n<p>&nbsp;<\/p>\n","protected":false},"excerpt":{"rendered":"<p>Freitag 13. M\u00e4rz 2020 um 19 Uhr war Vernissage der Ausstellung\u00a0 &#8222;Unter&#8220; von Elsa Nietmann und Doris Leuschner\u00a0 mit einer Einf\u00fchrung durch den Kurator Michael Glatzel. Unterkirche von St. Raphael, Lechelstra\u00dfe 52 \/ Ecke Waldhornstra\u00dfe. Die Ausstellung ist vom 14.03. \u2013 29.03.2020, samstags und sonntags 15 \u2013 18 Uhr ge\u00f6ffnet. Eintritt frei.<\/p>\n","protected":false},"author":1,"featured_media":0,"comment_status":"closed","ping_status":"closed","sticky":false,"template":"","format":"standard","meta":[],"categories":[57,3,1,32],"tags":[],"_links":{"self":[{"href":"https:\/\/kulturforum-mwest.de\/1.0\/K\/wp-json\/wp\/v2\/posts\/5176"}],"collection":[{"href":"https:\/\/kulturforum-mwest.de\/1.0\/K\/wp-json\/wp\/v2\/posts"}],"about":[{"href":"https:\/\/kulturforum-mwest.de\/1.0\/K\/wp-json\/wp\/v2\/types\/post"}],"author":[{"embeddable":true,"href":"https:\/\/kulturforum-mwest.de\/1.0\/K\/wp-json\/wp\/v2\/users\/1"}],"replies":[{"embeddable":true,"href":"https:\/\/kulturforum-mwest.de\/1.0\/K\/wp-json\/wp\/v2\/comments?post=5176"}],"version-history":[{"count":5,"href":"https:\/\/kulturforum-mwest.de\/1.0\/K\/wp-json\/wp\/v2\/posts\/5176\/revisions"}],"predecessor-version":[{"id":5348,"href":"https:\/\/kulturforum-mwest.de\/1.0\/K\/wp-json\/wp\/v2\/posts\/5176\/revisions\/5348"}],"wp:attachment":[{"href":"https:\/\/kulturforum-mwest.de\/1.0\/K\/wp-json\/wp\/v2\/media?parent=5176"}],"wp:term":[{"taxonomy":"category","embeddable":true,"href":"https:\/\/kulturforum-mwest.de\/1.0\/K\/wp-json\/wp\/v2\/categories?post=5176"},{"taxonomy":"post_tag","embeddable":true,"href":"https:\/\/kulturforum-mwest.de\/1.0\/K\/wp-json\/wp\/v2\/tags?post=5176"}],"curies":[{"name":"wp","href":"https:\/\/api.w.org\/{rel}","templated":true}]}}