{"id":5190,"date":"2020-02-07T19:10:35","date_gmt":"2020-02-07T19:10:35","guid":{"rendered":"https:\/\/www.kulturforum-mwest.de\/K\/?p=5190"},"modified":"2020-02-07T19:49:41","modified_gmt":"2020-02-07T19:49:41","slug":"200123-rathaus-gloria-gans-fuehrung","status":"publish","type":"post","link":"https:\/\/kulturforum-mwest.de\/1.0\/K\/200123-rathaus-gloria-gans-fuehrung\/","title":{"rendered":"Rathausausstellung: Gloria Gans, K\u00fcnstlerf\u00fchrung"},"content":{"rendered":"<p><a href=\"https:\/\/www.kulturforum-mwest.de\/K\/200123-rathaus-gloria-gans\/\">zur\u00fcck zur Hauptseite Gloria Gans<\/a><\/p>\n<figure id=\"attachment_5191\" aria-describedby=\"caption-attachment-5191\" style=\"width: 700px\" class=\"wp-caption alignnone\"><img loading=\"lazy\" class=\"wp-image-5191 size-full\" src=\"https:\/\/www.kulturforum-mwest.de\/1.0\/K\/wp-content\/uploads\/2020\/02\/200123-gans-fuehrung-1.jpg\" alt=\"\" width=\"700\" height=\"525\" srcset=\"https:\/\/kulturforum-mwest.de\/1.0\/K\/wp-content\/uploads\/2020\/02\/200123-gans-fuehrung-1.jpg 700w, https:\/\/kulturforum-mwest.de\/1.0\/K\/wp-content\/uploads\/2020\/02\/200123-gans-fuehrung-1-300x225.jpg 300w\" sizes=\"(max-width: 700px) 100vw, 700px\" \/><figcaption id=\"caption-attachment-5191\" class=\"wp-caption-text\">Gloria Gans spricht bei der K\u00fcnstlerf\u00fchrung \u00fcber das Konzept zu ihrer Ausstellung. Siehe auch ihre Rede bei der Vernissage.<\/figcaption><\/figure>\n","protected":false},"excerpt":{"rendered":"<p>zur\u00fcck zur Hauptseite Gloria Gans<\/p>\n","protected":false},"author":1,"featured_media":0,"comment_status":"closed","ping_status":"closed","sticky":false,"template":"","format":"standard","meta":[],"categories":[3,19],"tags":[],"_links":{"self":[{"href":"https:\/\/kulturforum-mwest.de\/1.0\/K\/wp-json\/wp\/v2\/posts\/5190"}],"collection":[{"href":"https:\/\/kulturforum-mwest.de\/1.0\/K\/wp-json\/wp\/v2\/posts"}],"about":[{"href":"https:\/\/kulturforum-mwest.de\/1.0\/K\/wp-json\/wp\/v2\/types\/post"}],"author":[{"embeddable":true,"href":"https:\/\/kulturforum-mwest.de\/1.0\/K\/wp-json\/wp\/v2\/users\/1"}],"replies":[{"embeddable":true,"href":"https:\/\/kulturforum-mwest.de\/1.0\/K\/wp-json\/wp\/v2\/comments?post=5190"}],"version-history":[{"count":1,"href":"https:\/\/kulturforum-mwest.de\/1.0\/K\/wp-json\/wp\/v2\/posts\/5190\/revisions"}],"predecessor-version":[{"id":5192,"href":"https:\/\/kulturforum-mwest.de\/1.0\/K\/wp-json\/wp\/v2\/posts\/5190\/revisions\/5192"}],"wp:attachment":[{"href":"https:\/\/kulturforum-mwest.de\/1.0\/K\/wp-json\/wp\/v2\/media?parent=5190"}],"wp:term":[{"taxonomy":"category","embeddable":true,"href":"https:\/\/kulturforum-mwest.de\/1.0\/K\/wp-json\/wp\/v2\/categories?post=5190"},{"taxonomy":"post_tag","embeddable":true,"href":"https:\/\/kulturforum-mwest.de\/1.0\/K\/wp-json\/wp\/v2\/tags?post=5190"}],"curies":[{"name":"wp","href":"https:\/\/api.w.org\/{rel}","templated":true}]}}