{"id":5229,"date":"2020-03-23T14:07:17","date_gmt":"2020-03-23T14:07:17","guid":{"rendered":"https:\/\/www.kulturforum-mwest.de\/K\/?p=5229"},"modified":"2020-03-24T11:52:52","modified_gmt":"2020-03-24T11:52:52","slug":"200326-lesung-marquardt","status":"publish","type":"post","link":"https:\/\/kulturforum-mwest.de\/1.0\/K\/200326-lesung-marquardt\/","title":{"rendered":"Unm\u00f6gliche Liebe"},"content":{"rendered":"<p><img loading=\"lazy\" class=\"size-full wp-image-5231 alignleft\" src=\"https:\/\/www.kulturforum-mwest.de\/1.0\/K\/wp-content\/uploads\/2020\/02\/200326-marquardt-tristan-120.jpg\" alt=\"\" width=\"120\" height=\"120\" \/>Donnerstag 26. M\u00e4rz 2020 um 19:00 Uhr <strong>Lesung und Gespr\u00e4ch mit Tris<\/strong><strong>tan Marquardt<\/strong>. Der Lyriker stellt das neue Buch vor: &#8222;Die gro\u00dfe Anthologie des Minnesangs \u2013 eine Liebeserkl\u00e4rung an die Liebesgedichte des Mittelalters&#8220;, das er zusammen mit Jan Wagner im Hanser-Verlag herausgegeben hat. Ebenb\u00f6ckhaus, Ebenb\u00f6ckstr. 11. Eintritt 8\u00a0 \u20ac ,\u00a0 f\u00fcr Mitglieder 5\u00a0 \u20ac . Anmeldung erforderlich unter <a href=\"mailto:kulturforum.muenchen-west@web.de\">kulturforum.muenchen-west@web.de<\/a> . \u2014 WEGEN CORONA ABEGESAGT \u2014\u00a0<!--more--><\/p>\n<p>Ein junger Schriftsteller, Lyrik und diese auch noch aus dem Mittelalter \u2013 das Kulturforum M\u00fcnchen West bietet diesmal seinen Mitgliedern und Freunden etwas sehr Besonderes an.<\/p>\n<p>Im hohen Mittelalter brach eine erste Bl\u00fctezeit der deutschsprachigen Literatur an. An H\u00f6fen des Feudaladels verbreitete sich die so genannte H\u00f6fische Literatur und es entstand neben den Heldenepen auch der Minnesang, die mittelhochdeutsche Liebeslyrik, unter anderem von Walther von der Vogelweide.<\/p>\n<p>Die heute vorgestellte Anthologie ist ein Bekenntnis der Dichter der Gegenwart zu ihren gro\u00dfen Vorfahren im Mittelalter. Die Herausgeber Jan Wagner (Preis der Leipziger Buchmesse 2015, Georg B\u00fcchner Preis 2017) und Tristan Marquardt haben \u00fcber 60 Dichterinnen und Dichter \u2013 unter ihnen Nora Gomringer, Marcel Beyer, Ulrike Draesner, Durs Gr\u00fcnbein und viele mehr \u2013 eingeladen, ein Best-Of der mittelhochdeutschen Liebeslyrik literarisch neu zu \u00fcbersetzen. Entstanden ist ein Dreifachportrait: des Minnesangs, der heutigen Dichtung und der ganz unterschiedlichen M\u00f6glichkeiten, wie sich alte Lyrik in neue \u00fcbertragen l\u00e4sst.<\/p>\n<p>Tristan Marquardt, geboren 1987 in G\u00f6ttingen, ist Lyriker, Literaturvermittler und germanistischer Medi\u00e4vist. 2019 wurde er mit dem Bayerischen Kunstf\u00f6rderpreis in der Kategorie Literatur ausgezeichnet. Er lebt in M\u00fcnchen, wo er unter anderem die Lesereihe meine drei lyrischen ichs im Kunstverein mitorganisiert und den Verlag hochroth M\u00fcnchen mitbetreibt. Von ihm erschienen die Gedichtb\u00e4nde das amortisiert sich nicht (kookbooks 2013) und scrollen in tiefsee (kookbooks 2018). Im Fr\u00fchjahr ver\u00f6ffentlicht er gemeinsam mit Alexander Kluge und Georg Baselitz das Buchprojekt Parsifal Kontainer bei Spector Books.<\/p>\n<figure id=\"attachment_5230\" aria-describedby=\"caption-attachment-5230\" style=\"width: 525px\" class=\"wp-caption alignnone\"><img loading=\"lazy\" class=\"wp-image-5230 size-full\" src=\"https:\/\/www.kulturforum-mwest.de\/1.0\/K\/wp-content\/uploads\/2020\/02\/200326-marquardt-tristan.jpg\" alt=\"\" width=\"525\" height=\"700\" srcset=\"https:\/\/kulturforum-mwest.de\/1.0\/K\/wp-content\/uploads\/2020\/02\/200326-marquardt-tristan.jpg 525w, https:\/\/kulturforum-mwest.de\/1.0\/K\/wp-content\/uploads\/2020\/02\/200326-marquardt-tristan-225x300.jpg 225w\" sizes=\"(max-width: 525px) 100vw, 525px\" \/><figcaption id=\"caption-attachment-5230\" class=\"wp-caption-text\">Tristan Marquardt, Foto: Mario Steigerwald<\/figcaption><\/figure>\n<p>Termin: Donnerstag, 26. M\u00e4rz 2020, 19:00 Uhr ;<br \/>\nVeranstaltungsort ist das Ebenb\u00f6ckhaus in der Ebenb\u00f6ckstr. 11 ;<br \/>\nKosten 8,00 \u20ac bzw. 5,00 \u20ac f\u00fcr Mitglieder;<br \/>\nAnmeldung unter kulturforum.muenchen-west@web.de ist erforderlich.<\/p>\n<p>&nbsp;<\/p>\n<p>&nbsp;<\/p>\n<p>&nbsp;<\/p>\n","protected":false},"excerpt":{"rendered":"<p>Donnerstag 26. M\u00e4rz 2020 um 19:00 Uhr Lesung und Gespr\u00e4ch mit Tristan Marquardt. Der Lyriker stellt das neue Buch vor: &#8222;Die gro\u00dfe Anthologie des Minnesangs \u2013 eine Liebeserkl\u00e4rung an die Liebesgedichte des Mittelalters&#8220;, das er zusammen mit Jan Wagner im Hanser-Verlag herausgegeben hat. Ebenb\u00f6ckhaus, Ebenb\u00f6ckstr. 11. Eintritt 8\u00a0 \u20ac ,\u00a0 f\u00fcr Mitglieder 5\u00a0 \u20ac . &hellip; <a href=\"https:\/\/kulturforum-mwest.de\/1.0\/K\/200326-lesung-marquardt\/\" class=\"more-link\"><span class=\"screen-reader-text\">Unm\u00f6gliche Liebe<\/span> weiterlesen <span class=\"meta-nav\">&rarr;<\/span><\/a><\/p>\n","protected":false},"author":1,"featured_media":0,"comment_status":"closed","ping_status":"closed","sticky":false,"template":"","format":"standard","meta":[],"categories":[57,12,15],"tags":[],"_links":{"self":[{"href":"https:\/\/kulturforum-mwest.de\/1.0\/K\/wp-json\/wp\/v2\/posts\/5229"}],"collection":[{"href":"https:\/\/kulturforum-mwest.de\/1.0\/K\/wp-json\/wp\/v2\/posts"}],"about":[{"href":"https:\/\/kulturforum-mwest.de\/1.0\/K\/wp-json\/wp\/v2\/types\/post"}],"author":[{"embeddable":true,"href":"https:\/\/kulturforum-mwest.de\/1.0\/K\/wp-json\/wp\/v2\/users\/1"}],"replies":[{"embeddable":true,"href":"https:\/\/kulturforum-mwest.de\/1.0\/K\/wp-json\/wp\/v2\/comments?post=5229"}],"version-history":[{"count":4,"href":"https:\/\/kulturforum-mwest.de\/1.0\/K\/wp-json\/wp\/v2\/posts\/5229\/revisions"}],"predecessor-version":[{"id":5337,"href":"https:\/\/kulturforum-mwest.de\/1.0\/K\/wp-json\/wp\/v2\/posts\/5229\/revisions\/5337"}],"wp:attachment":[{"href":"https:\/\/kulturforum-mwest.de\/1.0\/K\/wp-json\/wp\/v2\/media?parent=5229"}],"wp:term":[{"taxonomy":"category","embeddable":true,"href":"https:\/\/kulturforum-mwest.de\/1.0\/K\/wp-json\/wp\/v2\/categories?post=5229"},{"taxonomy":"post_tag","embeddable":true,"href":"https:\/\/kulturforum-mwest.de\/1.0\/K\/wp-json\/wp\/v2\/tags?post=5229"}],"curies":[{"name":"wp","href":"https:\/\/api.w.org\/{rel}","templated":true}]}}