{"id":5261,"date":"2020-03-09T17:34:07","date_gmt":"2020-03-09T17:34:07","guid":{"rendered":"https:\/\/www.kulturforum-mwest.de\/K\/?p=5261"},"modified":"2020-05-02T08:57:29","modified_gmt":"2020-05-02T08:57:29","slug":"200430-christoph-brech","status":"publish","type":"post","link":"https:\/\/kulturforum-mwest.de\/1.0\/K\/200430-christoph-brech\/","title":{"rendered":"K\u00fcnstlergespr\u00e4ch mit Christoph Brech"},"content":{"rendered":"<p><img loading=\"lazy\" class=\"size-full wp-image-5265 alignleft\" src=\"https:\/\/www.kulturforum-mwest.de\/1.0\/K\/wp-content\/uploads\/2020\/02\/200430-brech-gespraech-120.jpg\" alt=\"\" width=\"120\" height=\"120\" \/>Donnerstag 30. April 2020 um 19:00 Uhr f\u00fchrt Bernhard Neuhoff, Musikjournalist und Redaktionsleiter bei BR-Klassik ein Gespr\u00e4ch mit dem vielseitigen und international arbeitenden K\u00fcnstler Christoph Brech. Ebenb\u00f6ckhaus, Eben\u00f6ckstr. 11. Eintritt 8 \u20ac,\u00a0 f\u00fcr Mitglieder 5 \u20ac. Anmeldung unter <a href=\"mailto:kulturforum.muenchen-west@web.de\">kulturforum.muenchen-west@web.de<\/a> ist erforderlich. &#8212; WEGEN CORONA ABGESAGT &#8212;<!--more--><\/p>\n<figure id=\"attachment_5262\" aria-describedby=\"caption-attachment-5262\" style=\"width: 700px\" class=\"wp-caption alignnone\"><img loading=\"lazy\" class=\"wp-image-5262 size-full\" src=\"https:\/\/www.kulturforum-mwest.de\/1.0\/K\/wp-content\/uploads\/2020\/02\/200430-brech-portr.jpg\" alt=\"\" width=\"700\" height=\"466\" srcset=\"https:\/\/kulturforum-mwest.de\/1.0\/K\/wp-content\/uploads\/2020\/02\/200430-brech-portr.jpg 700w, https:\/\/kulturforum-mwest.de\/1.0\/K\/wp-content\/uploads\/2020\/02\/200430-brech-portr-300x200.jpg 300w\" sizes=\"(max-width: 700px) 100vw, 700px\" \/><figcaption id=\"caption-attachment-5262\" class=\"wp-caption-text\">Chistoph Brech, \u00a9 Chistoph Brech<\/figcaption><\/figure>\n<p>W\u00e4hrend seiner Schulzeit spielt Christoph Brech viele Jahre die Querfl\u00f6te; sp\u00e4ter studiert er Malerei an der Akademie der Bildenden K\u00fcnste M\u00fcnchen. Bekannt wird er aber mit zahlreichen Videoarbeiten, in denen er seine Liebe zur Kunst mit der zur Musik verbindet.<br \/>\nDer Pasinger Christoph Brech lebt in einem Reihenhaus in der Waldkolonie. In dem kleinen liebevoll angelegten Garten findet er Momente der Ruhe und Kraft f\u00fcr seine Arbeit. Sehr fr\u00fch wird er gepr\u00e4gt durch die Gemeinde St. Hildegard, in deren Kirchenverwaltung er lange t\u00e4tig war, mit ihrem Kirchenbau mit den Glasfenstern von Georg Meistermann.<br \/>\nDiese N\u00e4he zu Kirche und Religion findet man auch in Brechs sp\u00e4teren Arbeiten. So z.B. in seinem Video mit dem Titel Dark Cloud in der Ausstellung &#8222;Nachts. Zwischen Traum und Wirklichkeit&#8220;, Sammlung Goetz im Haus der Kunst, in dem er den Lauf des Mondes vom Schiff aus festh\u00e4lt und mit einem Bibeltext hinterlegt. Ebenso zeugt eine seiner letzten Arbeiten in 2019, sieben Glasfenster f\u00fcr Chor und Oratorien der Hl. Kreuz Kirche in Giesing, von seiner Bindung zur Kirche.<br \/>\nIn vielen seiner Arbeiten hat Brech die Visualisierung von Musik zum Thema:<br \/>\nDie Musik von Schostakowitsch erlebt man beim Blick auf die Falten am Frackr\u00fccken, die sich beim Dirigieren ver\u00e4ndern, gl\u00e4tten und bewegen.<br \/>\nIn seiner Zusammenarbeit mit Mariss Jansons und dem Symphonieorchester des Bayerischen Rundfunks werden die T\u00f6ne der einzelnen Musiker in Licht umgewandelt und in einer weiteren Arbeit werden die Bewegungen beim Dirigieren als Lichtbild nachgezeichnet.<br \/>\nAuf eine sehr stille Art und aus einem sehr eigenen Blickwinkel heraus n\u00e4hert sich der K\u00fcnstler seinen Objekten und stellt vielf\u00e4ltige Bez\u00fcge her, die sich manchmal erst auf den zweiten Blick erschlie\u00dfen:<br \/>\nDer Blick auf von Gras umwehte Steine zur Musik der irischen Ballade The Wind That Shakes the Barley ist der Blick auf unbekannte Kindergr\u00e4ber irgendwo in Irland, die zur Erinnerung an Irlands Geschichte werden. Zeit, Verg\u00e4nglichkeit und Erinnerung sind immer wieder Schwerpunkte in Brechs Arbeiten.<\/p>\n<p><img loading=\"lazy\" class=\"alignnone size-full wp-image-5264\" src=\"https:\/\/www.kulturforum-mwest.de\/1.0\/K\/wp-content\/uploads\/2020\/02\/200430-brech-gespraech.jpg\" alt=\"\" width=\"700\" height=\"525\" srcset=\"https:\/\/kulturforum-mwest.de\/1.0\/K\/wp-content\/uploads\/2020\/02\/200430-brech-gespraech.jpg 700w, https:\/\/kulturforum-mwest.de\/1.0\/K\/wp-content\/uploads\/2020\/02\/200430-brech-gespraech-300x225.jpg 300w\" sizes=\"(max-width: 700px) 100vw, 700px\" \/><\/p>\n<p>Aktuelle Arbeiten findet man z.B. in der Ausstellung Treue Freunde im Bayerischen Nationalmuseum. In dem neuen Freunde-Foyer der Staatsoper M\u00fcnchen mit \u00fcber 80 Fotografien, die Christoph Brech auf Reisen des Staatsorchesters mit Kirill Petrenko gemacht hat. Auch ein Video mit Petrenko ist dort im Foyer zu sehen. Auf dem Westfriedhof in M\u00fcnchen sind zwei 7 Meter lange von Brech geschaffene Mosaike zu sehen und in der Heilig-Kreuz-Kirche in M\u00fcnchen wurden vergangenen Oktober die 5 Chor- und 2 Oratorienfenster eingeweiht, die Brech mit \u00fcber 1.200 Thoraxaufnahmen des Menschen gestaltet hat.<br \/>\nIm Herbst wird die Foto-Biennale in Korea mit Opus 110a er\u00f6ffnet, im weiteren Verlauf des Ausstellungs-Parkurs wird man dort Fotografien von Christoph Brech sehen k\u00f6nnen.<\/p>\n<p>Zahlreich sind seine Arbeiten im \u00f6ffentlichen Raum:<br \/>\nDie Video-Installation Blickwechsel im Neubau des Deutschen Bundestages (2014); ein Video-Portr\u00e4t des Bariton Wolfgang Koch in der Bayerischen Staatsoper (2013 M\u00fcnchen); Glastafeln im Gymnasium Marktoberdorf; mehrere Arbeiten am Neuen Justizgeb\u00e4ude in Augsburg u.a.<\/p>\n<p>In verschiedenen Museen und Galerien finden sich Brechs Werke: z.B. im Museum f\u00fcr Moderne Kunst in Frankfurt, St\u00e4dtische Galerie im Lenbachhaus in M\u00fcnchen, Bundeskunstsammlung Berlin, Altana Kulturstiftung in Bad Homburg, Sammlung Goetz in M\u00fcnchen, Vatikanische Museen in Rom u.a.<\/p>\n<p>Lang ist die Liste seiner Auszeichnungen und Ehrungen, darunter der renommierte Kunstpreis Berlin, den Brech 2018 erh\u00e4lt, und das begehrte Villa Massimo-Stipendium (2006\/07) um nur zwei zu nennen.<\/p>\n<p>&nbsp;<\/p>\n<p>&nbsp;<\/p>\n<p>&nbsp;<\/p>\n","protected":false},"excerpt":{"rendered":"<p>Donnerstag 30. April 2020 um 19:00 Uhr f\u00fchrt Bernhard Neuhoff, Musikjournalist und Redaktionsleiter bei BR-Klassik ein Gespr\u00e4ch mit dem vielseitigen und international arbeitenden K\u00fcnstler Christoph Brech. Ebenb\u00f6ckhaus, Eben\u00f6ckstr. 11. Eintritt 8 \u20ac,\u00a0 f\u00fcr Mitglieder 5 \u20ac. Anmeldung unter kulturforum.muenchen-west@web.de ist erforderlich. &#8212; WEGEN CORONA ABGESAGT &#8212;<\/p>\n","protected":false},"author":1,"featured_media":0,"comment_status":"closed","ping_status":"closed","sticky":false,"template":"","format":"standard","meta":[],"categories":[57,12,58],"tags":[],"_links":{"self":[{"href":"https:\/\/kulturforum-mwest.de\/1.0\/K\/wp-json\/wp\/v2\/posts\/5261"}],"collection":[{"href":"https:\/\/kulturforum-mwest.de\/1.0\/K\/wp-json\/wp\/v2\/posts"}],"about":[{"href":"https:\/\/kulturforum-mwest.de\/1.0\/K\/wp-json\/wp\/v2\/types\/post"}],"author":[{"embeddable":true,"href":"https:\/\/kulturforum-mwest.de\/1.0\/K\/wp-json\/wp\/v2\/users\/1"}],"replies":[{"embeddable":true,"href":"https:\/\/kulturforum-mwest.de\/1.0\/K\/wp-json\/wp\/v2\/comments?post=5261"}],"version-history":[{"count":3,"href":"https:\/\/kulturforum-mwest.de\/1.0\/K\/wp-json\/wp\/v2\/posts\/5261\/revisions"}],"predecessor-version":[{"id":5343,"href":"https:\/\/kulturforum-mwest.de\/1.0\/K\/wp-json\/wp\/v2\/posts\/5261\/revisions\/5343"}],"wp:attachment":[{"href":"https:\/\/kulturforum-mwest.de\/1.0\/K\/wp-json\/wp\/v2\/media?parent=5261"}],"wp:term":[{"taxonomy":"category","embeddable":true,"href":"https:\/\/kulturforum-mwest.de\/1.0\/K\/wp-json\/wp\/v2\/categories?post=5261"},{"taxonomy":"post_tag","embeddable":true,"href":"https:\/\/kulturforum-mwest.de\/1.0\/K\/wp-json\/wp\/v2\/tags?post=5261"}],"curies":[{"name":"wp","href":"https:\/\/api.w.org\/{rel}","templated":true}]}}