{"id":5356,"date":"2020-10-10T14:37:33","date_gmt":"2020-10-10T14:37:33","guid":{"rendered":"https:\/\/www.kulturforum-mwest.de\/K\/?p=5356"},"modified":"2021-05-11T10:36:55","modified_gmt":"2021-05-11T10:36:55","slug":"doppelpakt","status":"publish","type":"post","link":"https:\/\/kulturforum-mwest.de\/1.0\/K\/doppelpakt\/","title":{"rendered":"Doppelpack"},"content":{"rendered":"<h3><img loading=\"lazy\" class=\"size-full wp-image-5358 alignleft\" src=\"https:\/\/www.kulturforum-mwest.de\/1.0\/K\/wp-content\/uploads\/2020\/04\/glatzel-kopf-schutzmaske-120.jpg\" alt=\"\" width=\"120\" height=\"120\" \/> Paarweise Spurensuche &#8211; Kunstwerke im Tandem-Modus<\/h3>\n<p>Beim Spaziergang zu zweit zeigt Ihnen Angela Scheibe-Jaeger \u201eKunst im Kiez\u201c: entweder spazieren wir zu ausgesuchten Kunstwerken der letzten hundert Jahre in Pasing oder wir schlendern durch eine der beiden Villencolonien. Wir k\u00f6nnten auch Kunst in Obermenzing erleben&#8230; <!--more-->Auch in Zeiten der Corona-Krise wollen wir Ihnen ein Kulturangebot der besonderen Art machen: einst\u00fcndige F\u00fchrungen f\u00fcr je eine Person \u2013 mit Mundschutz und geh\u00f6rigem Abstand.<\/p>\n<p>Treffpunkt und Zeit werden individuell ausgemacht, erbeten wird eine Spende an unseren Verein, die wir an K\u00fcnstler weiter geben werden.<\/p>\n<p>Die Teilnahme erfolgt auf eigene Verantwortung!<\/p>\n<p>Die Marmor-K\u00f6pfe hat unser Mitglied Michael Glatzel geschaffen.<\/p>\n<p>Anfragen\/Anmeldungen\/Terminvereinbarungen\u00a0 bei <a href=\"mailto:angelascheibe-jaeger@t-online.de\">angelascheibe-jaeger@t-online.de<\/a><\/p>\n<figure id=\"attachment_5357\" aria-describedby=\"caption-attachment-5357\" style=\"width: 500px\" class=\"wp-caption alignnone\"><img loading=\"lazy\" class=\"wp-image-5357 size-full\" src=\"https:\/\/www.kulturforum-mwest.de\/1.0\/K\/wp-content\/uploads\/2020\/04\/glatzel-kopf-schutzmaske.jpg\" alt=\"\" width=\"500\" height=\"485\" srcset=\"https:\/\/kulturforum-mwest.de\/1.0\/K\/wp-content\/uploads\/2020\/04\/glatzel-kopf-schutzmaske.jpg 500w, https:\/\/kulturforum-mwest.de\/1.0\/K\/wp-content\/uploads\/2020\/04\/glatzel-kopf-schutzmaske-300x291.jpg 300w\" sizes=\"(max-width: 500px) 100vw, 500px\" \/><figcaption id=\"caption-attachment-5357\" class=\"wp-caption-text\">Foto: Angela Scheibe-Jaeger<\/figcaption><\/figure>\n<p>&nbsp;<\/p>\n","protected":false},"excerpt":{"rendered":"<p>Paarweise Spurensuche &#8211; Kunstwerke im Tandem-Modus Beim Spaziergang zu zweit zeigt Ihnen Angela Scheibe-Jaeger \u201eKunst im Kiez\u201c: entweder spazieren wir zu ausgesuchten Kunstwerken der letzten hundert Jahre in Pasing oder wir schlendern durch eine der beiden Villencolonien. Wir k\u00f6nnten auch Kunst in Obermenzing erleben&#8230;<\/p>\n","protected":false},"author":1,"featured_media":0,"comment_status":"closed","ping_status":"closed","sticky":false,"template":"","format":"standard","meta":[],"categories":[57,10,4],"tags":[],"_links":{"self":[{"href":"https:\/\/kulturforum-mwest.de\/1.0\/K\/wp-json\/wp\/v2\/posts\/5356"}],"collection":[{"href":"https:\/\/kulturforum-mwest.de\/1.0\/K\/wp-json\/wp\/v2\/posts"}],"about":[{"href":"https:\/\/kulturforum-mwest.de\/1.0\/K\/wp-json\/wp\/v2\/types\/post"}],"author":[{"embeddable":true,"href":"https:\/\/kulturforum-mwest.de\/1.0\/K\/wp-json\/wp\/v2\/users\/1"}],"replies":[{"embeddable":true,"href":"https:\/\/kulturforum-mwest.de\/1.0\/K\/wp-json\/wp\/v2\/comments?post=5356"}],"version-history":[{"count":5,"href":"https:\/\/kulturforum-mwest.de\/1.0\/K\/wp-json\/wp\/v2\/posts\/5356\/revisions"}],"predecessor-version":[{"id":5373,"href":"https:\/\/kulturforum-mwest.de\/1.0\/K\/wp-json\/wp\/v2\/posts\/5356\/revisions\/5373"}],"wp:attachment":[{"href":"https:\/\/kulturforum-mwest.de\/1.0\/K\/wp-json\/wp\/v2\/media?parent=5356"}],"wp:term":[{"taxonomy":"category","embeddable":true,"href":"https:\/\/kulturforum-mwest.de\/1.0\/K\/wp-json\/wp\/v2\/categories?post=5356"},{"taxonomy":"post_tag","embeddable":true,"href":"https:\/\/kulturforum-mwest.de\/1.0\/K\/wp-json\/wp\/v2\/tags?post=5356"}],"curies":[{"name":"wp","href":"https:\/\/api.w.org\/{rel}","templated":true}]}}